{"id":13166,"date":"2021-06-14T13:58:54","date_gmt":"2021-06-14T11:58:54","guid":{"rendered":"http:\/\/www.ituren.eus\/?p=13166"},"modified":"2021-06-15T10:27:42","modified_gmt":"2021-06-15T08:27:42","slug":"ituren-eta-zubietako-udalen-elkartzea-idazkari-lanpostuaren-deialdia-oinarriak-eta-aurkezteko-epea","status":"publish","type":"post","link":"http:\/\/www.ituren.eus\/es\/ituren-eta-zubietako-udalen-elkartzea-idazkari-lanpostuaren-deialdia-oinarriak-eta-aurkezteko-epea\/","title":{"rendered":"Agrupaci\u00f3n de Ayuntamientos de Zubieta e Ituren: Convocatoria puesto Secretar\u00eda (Bases y plazo de presentaci\u00f3n)"},"content":{"rendered":"<p>El puesto de Secretar\u00eda de los Ayuntamientos de Zubieta e Ituren ha quedado vacante. La Agrupaci\u00f3n ha aprobado las bases de la convocatoria para cubrir la plaza, que se adjuntan a continuaci\u00f3n. Los interesados podr\u00e1n presentarse en las oficinas municipales de los Ayuntamientos de Ituren o de Zubieta,\u00a0<strong>del 14 al 23 de junio.<\/strong><\/p>\n<p><a href=\"http:\/\/www.ituren.eus\/wp-content\/uploads\/sites\/84\/2021\/06\/RESOLUCION.pdf\" class=\"mtli_attachment mtli_pdf\">RESOLUCION<\/a><\/p>\n<p><a href=\"http:\/\/www.ituren.eus\/wp-content\/uploads\/sites\/84\/2021\/06\/BASES-CONVOCATORIA-SECRETARIO-2021.pdf\" class=\"mtli_attachment mtli_pdf\">BASES CONVOCATORIA SECRETARIO 2021<\/a><\/p>","protected":false},"excerpt":{"rendered":"<p>El puesto de Secretar\u00eda de los Ayuntamientos de Zubieta e Ituren ha quedado vacante. La Agrupaci\u00f3n ha aprobado las bases de la convocatoria para cubrir la plaza, que se adjuntan a continuaci\u00f3n. Los interesados podr\u00e1n presentarse en las oficinas municipales&hellip; <\/p>\n","protected":false},"author":259,"featured_media":0,"comment_status":"closed","ping_status":"closed","sticky":false,"template":"","format":"standard","meta":{"_monsterinsights_skip_tracking":false,"_monsterinsights_sitenote_active":false,"_monsterinsights_sitenote_note":"","_monsterinsights_sitenote_category":0,"footnotes":""},"categories":[7],"tags":[],"class_list":["post-13166","post","type-post","status-publish","format-standard","hentry","category-noticias"],"yoast_head":"<!-- This site is optimized with the Yoast SEO plugin v26.8 - https:\/\/yoast.com\/product\/yoast-seo-wordpress\/ -->\r\n<title>Agrupaci\u00f3n de Ayuntamientos de Zubieta e Ituren: Convocatoria puesto Secretar\u00eda (Bases y plazo de presentaci\u00f3n) - Ayuntamiento de Ituren<\/title>\r\n<meta name=\"robots\" content=\"index, follow, max-snippet:-1, max-image-preview:large, max-video-preview:-1\" \/>\r\n<link rel=\"canonical\" href=\"http:\/\/www.ituren.eus\/ituren-eta-zubietako-udalen-elkartzea-idazkari-lanpostuaren-deialdia-oinarriak-eta-aurkezteko-epea\/\" \/>\r\n<meta property=\"og:locale\" content=\"es_ES\" \/>\r\n<meta property=\"og:type\" content=\"article\" \/>\r\n<meta property=\"og:title\" content=\"[:eu]Ituren eta Zubietako Udalen Elkartzea: Idazkari lanpostuaren deialdia (Oinarriak eta aurkezteko epea).[:es]Agrupaci\u00f3n de Ayuntamientos de Zubieta e Ituren: Convocatoria puesto Secretar\u00eda (Bases y plazo de presentaci\u00f3n)[:] - Ayuntamiento de Ituren\" \/>\r\n<meta property=\"og:description\" content=\"El puesto de Secretar\u00eda de los Ayuntamientos de Zubieta e Ituren ha quedado vacante. La Agrupaci\u00f3n ha aprobado las bases de la convocatoria para cubrir la plaza, que se adjuntan a continuaci\u00f3n. Los interesados podr\u00e1n presentarse en las oficinas municipales&hellip;\" \/>\r\n<meta property=\"og:url\" content=\"http:\/\/www.ituren.eus\/ituren-eta-zubietako-udalen-elkartzea-idazkari-lanpostuaren-deialdia-oinarriak-eta-aurkezteko-epea\/\" \/>\r\n<meta property=\"og:site_name\" content=\"Ayuntamiento de Ituren\" \/>\r\n<meta property=\"article:published_time\" content=\"2021-06-14T11:58:54+00:00\" \/>\r\n<meta property=\"article:modified_time\" content=\"2021-06-15T08:27:42+00:00\" \/>\r\n<meta name=\"author\" content=\"iturenudala\" \/>\r\n<meta name=\"twitter:card\" content=\"summary_large_image\" \/>\r\n<meta name=\"twitter:label1\" content=\"Escrito por\" \/>\n\t<meta name=\"twitter:data1\" content=\"iturenudala\" \/>\n\t<meta name=\"twitter:label2\" content=\"Tiempo de lectura\" \/>\n\t<meta name=\"twitter:data2\" content=\"1 minuto\" \/>\r\n<script type=\"application\/ld+json\" class=\"yoast-schema-graph\">{\"@context\":\"https:\/\/schema.org\",\"@graph\":[{\"@type\":\"Article\",\"@id\":\"http:\/\/www.ituren.eus\/ituren-eta-zubietako-udalen-elkartzea-idazkari-lanpostuaren-deialdia-oinarriak-eta-aurkezteko-epea\/#article\",\"isPartOf\":{\"@id\":\"http:\/\/www.ituren.eus\/ituren-eta-zubietako-udalen-elkartzea-idazkari-lanpostuaren-deialdia-oinarriak-eta-aurkezteko-epea\/\"},\"author\":{\"name\":\"iturenudala\",\"@id\":\"http:\/\/www.ituren.eus\/es\/#\/schema\/person\/4d66c12839d706916abaa8f0062537ae\"},\"headline\":\"Agrupaci\u00f3n de Ayuntamientos de Zubieta e Ituren: Convocatoria puesto Secretar\u00eda (Bases y plazo de presentaci\u00f3n)\",\"datePublished\":\"2021-06-14T11:58:54+00:00\",\"dateModified\":\"2021-06-15T08:27:42+00:00\",\"mainEntityOfPage\":{\"@id\":\"http:\/\/www.ituren.eus\/ituren-eta-zubietako-udalen-elkartzea-idazkari-lanpostuaren-deialdia-oinarriak-eta-aurkezteko-epea\/\"},\"wordCount\":133,\"articleSection\":[\"Noticias\"],\"inLanguage\":\"es\"},{\"@type\":\"WebPage\",\"@id\":\"http:\/\/www.ituren.eus\/ituren-eta-zubietako-udalen-elkartzea-idazkari-lanpostuaren-deialdia-oinarriak-eta-aurkezteko-epea\/\",\"url\":\"http:\/\/www.ituren.eus\/ituren-eta-zubietako-udalen-elkartzea-idazkari-lanpostuaren-deialdia-oinarriak-eta-aurkezteko-epea\/\",\"name\":\"[:eu]Ituren eta Zubietako Udalen Elkartzea: Idazkari lanpostuaren deialdia (Oinarriak eta aurkezteko epea).[:es]Agrupaci\u00f3n de Ayuntamientos de Zubieta e Ituren: Convocatoria puesto Secretar\u00eda (Bases y plazo de presentaci\u00f3n)[:] - Ayuntamiento de Ituren\",\"isPartOf\":{\"@id\":\"http:\/\/www.ituren.eus\/es\/#website\"},\"datePublished\":\"2021-06-14T11:58:54+00:00\",\"dateModified\":\"2021-06-15T08:27:42+00:00\",\"author\":{\"@id\":\"http:\/\/www.ituren.eus\/es\/#\/schema\/person\/4d66c12839d706916abaa8f0062537ae\"},\"breadcrumb\":{\"@id\":\"http:\/\/www.ituren.eus\/ituren-eta-zubietako-udalen-elkartzea-idazkari-lanpostuaren-deialdia-oinarriak-eta-aurkezteko-epea\/#breadcrumb\"},\"inLanguage\":\"es\",\"potentialAction\":[{\"@type\":\"ReadAction\",\"target\":[\"http:\/\/www.ituren.eus\/ituren-eta-zubietako-udalen-elkartzea-idazkari-lanpostuaren-deialdia-oinarriak-eta-aurkezteko-epea\/\"]}]},{\"@type\":\"BreadcrumbList\",\"@id\":\"http:\/\/www.ituren.eus\/ituren-eta-zubietako-udalen-elkartzea-idazkari-lanpostuaren-deialdia-oinarriak-eta-aurkezteko-epea\/#breadcrumb\",\"itemListElement\":[{\"@type\":\"ListItem\",\"position\":1,\"name\":\"Portada\",\"item\":\"http:\/\/www.ituren.eus\/es\/\"},{\"@type\":\"ListItem\",\"position\":2,\"name\":\"Ituren eta Zubietako Udalen Elkartzea: Idazkari lanpostuaren deialdia (Oinarriak eta aurkezteko epea).\"}]},{\"@type\":\"WebSite\",\"@id\":\"http:\/\/www.ituren.eus\/es\/#website\",\"url\":\"http:\/\/www.ituren.eus\/es\/\",\"name\":\"Ayuntamiento de Ituren\",\"description\":\"Ayuntamiento de Ituren\",\"potentialAction\":[{\"@type\":\"SearchAction\",\"target\":{\"@type\":\"EntryPoint\",\"urlTemplate\":\"http:\/\/www.ituren.eus\/es\/?s={search_term_string}\"},\"query-input\":{\"@type\":\"PropertyValueSpecification\",\"valueRequired\":true,\"valueName\":\"search_term_string\"}}],\"inLanguage\":\"es\"},{\"@type\":\"Person\",\"@id\":\"http:\/\/www.ituren.eus\/es\/#\/schema\/person\/4d66c12839d706916abaa8f0062537ae\",\"name\":\"iturenudala\",\"image\":{\"@type\":\"ImageObject\",\"inLanguage\":\"es\",\"@id\":\"http:\/\/www.ituren.eus\/es\/#\/schema\/person\/image\/\",\"url\":\"https:\/\/secure.gravatar.com\/avatar\/4e30601340330427e0d7c57bcce3a70cc8ec761634b2069b7b46900b949dedf6?s=96&d=mm&r=g\",\"contentUrl\":\"https:\/\/secure.gravatar.com\/avatar\/4e30601340330427e0d7c57bcce3a70cc8ec761634b2069b7b46900b949dedf6?s=96&d=mm&r=g\",\"caption\":\"iturenudala\"},\"url\":\"http:\/\/www.ituren.eus\/es\/author\/iturenudala\/\"}]}<\/script>\r\n<!-- \/ Yoast SEO plugin. -->","yoast_head_json":{"title":"[:eu]Ituren eta Zubietako Udalen Elkartzea: Idazkari lanpostuaren deialdia (Oinarriak eta aurkezteko epea).[:es]Agrupaci\u00f3n de Ayuntamientos de Zubieta e Ituren: Convocatoria puesto Secretar\u00eda (Bases y plazo de presentaci\u00f3n)[:] - Ayuntamiento de Ituren","robots":{"index":"index","follow":"follow","max-snippet":"max-snippet:-1","max-image-preview":"max-image-preview:large","max-video-preview":"max-video-preview:-1"},"canonical":"http:\/\/www.ituren.eus\/ituren-eta-zubietako-udalen-elkartzea-idazkari-lanpostuaren-deialdia-oinarriak-eta-aurkezteko-epea\/","og_locale":"es_ES","og_type":"article","og_title":"[:eu]Ituren eta Zubietako Udalen Elkartzea: Idazkari lanpostuaren deialdia (Oinarriak eta aurkezteko epea).[:es]Agrupaci\u00f3n de Ayuntamientos de Zubieta e Ituren: Convocatoria puesto Secretar\u00eda (Bases y plazo de presentaci\u00f3n)[:] - Ayuntamiento de Ituren","og_description":"El puesto de Secretar\u00eda de los Ayuntamientos de Zubieta e Ituren ha quedado vacante. La Agrupaci\u00f3n ha aprobado las bases de la convocatoria para cubrir la plaza, que se adjuntan a continuaci\u00f3n. Los interesados podr\u00e1n presentarse en las oficinas municipales&hellip;","og_url":"http:\/\/www.ituren.eus\/ituren-eta-zubietako-udalen-elkartzea-idazkari-lanpostuaren-deialdia-oinarriak-eta-aurkezteko-epea\/","og_site_name":"Ayuntamiento de Ituren","article_published_time":"2021-06-14T11:58:54+00:00","article_modified_time":"2021-06-15T08:27:42+00:00","author":"iturenudala","twitter_card":"summary_large_image","twitter_misc":{"Escrito por":"iturenudala","Tiempo de lectura":"1 minuto"},"schema":{"@context":"https:\/\/schema.org","@graph":[{"@type":"Article","@id":"http:\/\/www.ituren.eus\/ituren-eta-zubietako-udalen-elkartzea-idazkari-lanpostuaren-deialdia-oinarriak-eta-aurkezteko-epea\/#article","isPartOf":{"@id":"http:\/\/www.ituren.eus\/ituren-eta-zubietako-udalen-elkartzea-idazkari-lanpostuaren-deialdia-oinarriak-eta-aurkezteko-epea\/"},"author":{"name":"iturenudala","@id":"http:\/\/www.ituren.eus\/es\/#\/schema\/person\/4d66c12839d706916abaa8f0062537ae"},"headline":"Agrupaci\u00f3n de Ayuntamientos de Zubieta e Ituren: Convocatoria puesto Secretar\u00eda (Bases y plazo de presentaci\u00f3n)","datePublished":"2021-06-14T11:58:54+00:00","dateModified":"2021-06-15T08:27:42+00:00","mainEntityOfPage":{"@id":"http:\/\/www.ituren.eus\/ituren-eta-zubietako-udalen-elkartzea-idazkari-lanpostuaren-deialdia-oinarriak-eta-aurkezteko-epea\/"},"wordCount":133,"articleSection":["Noticias"],"inLanguage":"es"},{"@type":"WebPage","@id":"http:\/\/www.ituren.eus\/ituren-eta-zubietako-udalen-elkartzea-idazkari-lanpostuaren-deialdia-oinarriak-eta-aurkezteko-epea\/","url":"http:\/\/www.ituren.eus\/ituren-eta-zubietako-udalen-elkartzea-idazkari-lanpostuaren-deialdia-oinarriak-eta-aurkezteko-epea\/","name":"[:eu]Ituren eta Zubietako Udalen Elkartzea: Idazkari lanpostuaren deialdia (Oinarriak eta aurkezteko epea).[:es]Agrupaci\u00f3n de Ayuntamientos de Zubieta e Ituren: Convocatoria puesto Secretar\u00eda (Bases y plazo de presentaci\u00f3n)[:] - Ayuntamiento de Ituren","isPartOf":{"@id":"http:\/\/www.ituren.eus\/es\/#website"},"datePublished":"2021-06-14T11:58:54+00:00","dateModified":"2021-06-15T08:27:42+00:00","author":{"@id":"http:\/\/www.ituren.eus\/es\/#\/schema\/person\/4d66c12839d706916abaa8f0062537ae"},"breadcrumb":{"@id":"http:\/\/www.ituren.eus\/ituren-eta-zubietako-udalen-elkartzea-idazkari-lanpostuaren-deialdia-oinarriak-eta-aurkezteko-epea\/#breadcrumb"},"inLanguage":"es","potentialAction":[{"@type":"ReadAction","target":["http:\/\/www.ituren.eus\/ituren-eta-zubietako-udalen-elkartzea-idazkari-lanpostuaren-deialdia-oinarriak-eta-aurkezteko-epea\/"]}]},{"@type":"BreadcrumbList","@id":"http:\/\/www.ituren.eus\/ituren-eta-zubietako-udalen-elkartzea-idazkari-lanpostuaren-deialdia-oinarriak-eta-aurkezteko-epea\/#breadcrumb","itemListElement":[{"@type":"ListItem","position":1,"name":"Portada","item":"http:\/\/www.ituren.eus\/es\/"},{"@type":"ListItem","position":2,"name":"Ituren eta Zubietako Udalen Elkartzea: Idazkari lanpostuaren deialdia (Oinarriak eta aurkezteko epea)."}]},{"@type":"WebSite","@id":"http:\/\/www.ituren.eus\/es\/#website","url":"http:\/\/www.ituren.eus\/es\/","name":"Ayuntamiento de Ituren","description":"Ayuntamiento de Ituren","potentialAction":[{"@type":"SearchAction","target":{"@type":"EntryPoint","urlTemplate":"http:\/\/www.ituren.eus\/es\/?s={search_term_string}"},"query-input":{"@type":"PropertyValueSpecification","valueRequired":true,"valueName":"search_term_string"}}],"inLanguage":"es"},{"@type":"Person","@id":"http:\/\/www.ituren.eus\/es\/#\/schema\/person\/4d66c12839d706916abaa8f0062537ae","name":"iturenudala","image":{"@type":"ImageObject","inLanguage":"es","@id":"http:\/\/www.ituren.eus\/es\/#\/schema\/person\/image\/","url":"https:\/\/secure.gravatar.com\/avatar\/4e30601340330427e0d7c57bcce3a70cc8ec761634b2069b7b46900b949dedf6?s=96&d=mm&r=g","contentUrl":"https:\/\/secure.gravatar.com\/avatar\/4e30601340330427e0d7c57bcce3a70cc8ec761634b2069b7b46900b949dedf6?s=96&d=mm&r=g","caption":"iturenudala"},"url":"http:\/\/www.ituren.eus\/es\/author\/iturenudala\/"}]}},"_links":{"self":[{"href":"http:\/\/www.ituren.eus\/es\/wp-json\/wp\/v2\/posts\/13166","targetHints":{"allow":["GET"]}}],"collection":[{"href":"http:\/\/www.ituren.eus\/es\/wp-json\/wp\/v2\/posts"}],"about":[{"href":"http:\/\/www.ituren.eus\/es\/wp-json\/wp\/v2\/types\/post"}],"author":[{"embeddable":true,"href":"http:\/\/www.ituren.eus\/es\/wp-json\/wp\/v2\/users\/259"}],"replies":[{"embeddable":true,"href":"http:\/\/www.ituren.eus\/es\/wp-json\/wp\/v2\/comments?post=13166"}],"version-history":[{"count":2,"href":"http:\/\/www.ituren.eus\/es\/wp-json\/wp\/v2\/posts\/13166\/revisions"}],"predecessor-version":[{"id":13170,"href":"http:\/\/www.ituren.eus\/es\/wp-json\/wp\/v2\/posts\/13166\/revisions\/13170"}],"wp:attachment":[{"href":"http:\/\/www.ituren.eus\/es\/wp-json\/wp\/v2\/media?parent=13166"}],"wp:term":[{"taxonomy":"category","embeddable":true,"href":"http:\/\/www.ituren.eus\/es\/wp-json\/wp\/v2\/categories?post=13166"},{"taxonomy":"post_tag","embeddable":true,"href":"http:\/\/www.ituren.eus\/es\/wp-json\/wp\/v2\/tags?post=13166"}],"curies":[{"name":"wp","href":"https:\/\/api.w.org\/{rel}","templated":true}]}}