{"id":14022,"date":"2023-05-03T12:00:20","date_gmt":"2023-05-03T10:00:20","guid":{"rendered":"http:\/\/www.ituren.eus\/?p=14022"},"modified":"2025-10-27T14:43:23","modified_gmt":"2025-10-27T13:43:23","slug":"hirigintzako-udal-plana-hasierako-onespena","status":"publish","type":"post","link":"http:\/\/www.ituren.eus\/es\/hirigintzako-udal-plana-hasierako-onespena\/","title":{"rendered":"Aprobaci\u00f3n inicial del Plan Urban\u00edstico Municipal"},"content":{"rendered":"<p>&nbsp;<\/p>\n<p>Aprobaci\u00f3n inicial del Plan Urban\u00edstico Municipal\u00a0 el 3 de abril de 2023 y publicado en el BON el 27 de abril del 2023<\/p>\n<p><a href=\"https:\/\/bon.navarra.es\/es\/anuncio\/-\/texto\/2023\/88\/34\">https:\/\/bon.navarra.es\/es\/anuncio\/-\/texto\/2023\/88\/34<\/a><\/p>\n<p>La redacci\u00f3n y tramitaci\u00f3n del Plan ha sido cofinanciada por Gobierno de Navarra.<\/p>\n<p><img loading=\"lazy\" decoding=\"async\" class=\"aligncenter size-full wp-image-4769\" src=\"https:\/\/areso.eus\/wp-content\/uploads\/2025\/05\/Nafarroa-Gobernu-Gobierno-de-Navarra-1.png\" alt=\"Nafarroa Gobernu. Gobierno de Navarra\" width=\"220\" height=\"49\" \/><\/p>\n<p>&nbsp;<\/p>\n<p>&nbsp;<\/p>\n<p>Documentaci\u00f3n y planos: Ver en Euskera<\/p>\n<p>&nbsp;<\/p>\n<p>&nbsp;<\/p>","protected":false},"excerpt":{"rendered":"<p>&nbsp; Aprobaci\u00f3n inicial del Plan Urban\u00edstico Municipal\u00a0 el 3 de abril de 2023 y publicado en el BON el 27 de abril del 2023 https:\/\/bon.navarra.es\/es\/anuncio\/-\/texto\/2023\/88\/34 La redacci\u00f3n y tramitaci\u00f3n del Plan ha sido cofinanciada por Gobierno de Navarra. &nbsp; &nbsp;&hellip; <\/p>\n","protected":false},"author":259,"featured_media":0,"comment_status":"closed","ping_status":"closed","sticky":false,"template":"","format":"standard","meta":{"_monsterinsights_skip_tracking":false,"_monsterinsights_sitenote_active":false,"_monsterinsights_sitenote_note":"","_monsterinsights_sitenote_category":0,"footnotes":""},"categories":[7],"tags":[],"class_list":["post-14022","post","type-post","status-publish","format-standard","hentry","category-noticias"],"yoast_head":"<!-- This site is optimized with the Yoast SEO plugin v26.8 - https:\/\/yoast.com\/product\/yoast-seo-wordpress\/ -->\r\n<title>Aprobaci\u00f3n inicial del Plan Urban\u00edstico Municipal - Ayuntamiento de Ituren<\/title>\r\n<meta name=\"robots\" content=\"index, follow, max-snippet:-1, max-image-preview:large, max-video-preview:-1\" \/>\r\n<link rel=\"canonical\" href=\"http:\/\/www.ituren.eus\/hirigintzako-udal-plana-hasierako-onespena\/\" \/>\r\n<meta property=\"og:locale\" content=\"es_ES\" \/>\r\n<meta property=\"og:type\" content=\"article\" \/>\r\n<meta property=\"og:title\" content=\"[:eu]Hirigintzako Udal Plana. Hasierako onespena[:es]Aprobaci\u00f3n inicial del Plan Urban\u00edstico Municipal[:] - Ayuntamiento de Ituren\" \/>\r\n<meta property=\"og:description\" content=\"&nbsp; Aprobaci\u00f3n inicial del Plan Urban\u00edstico Municipal\u00a0 el 3 de abril de 2023 y publicado en el BON el 27 de abril del 2023 https:\/\/bon.navarra.es\/es\/anuncio\/-\/texto\/2023\/88\/34 La redacci\u00f3n y tramitaci\u00f3n del Plan ha sido cofinanciada por Gobierno de Navarra. &nbsp; &nbsp;&hellip;\" \/>\r\n<meta property=\"og:url\" content=\"http:\/\/www.ituren.eus\/hirigintzako-udal-plana-hasierako-onespena\/\" \/>\r\n<meta property=\"og:site_name\" content=\"Ayuntamiento de Ituren\" \/>\r\n<meta property=\"article:published_time\" content=\"2023-05-03T10:00:20+00:00\" \/>\r\n<meta property=\"article:modified_time\" content=\"2025-10-27T13:43:23+00:00\" \/>\r\n<meta name=\"author\" content=\"iturenudala\" \/>\r\n<meta name=\"twitter:card\" content=\"summary_large_image\" \/>\r\n<meta name=\"twitter:label1\" content=\"Escrito por\" \/>\n\t<meta name=\"twitter:data1\" content=\"iturenudala\" \/>\n\t<meta name=\"twitter:label2\" content=\"Tiempo de lectura\" \/>\n\t<meta name=\"twitter:data2\" content=\"1 minuto\" \/>\r\n<script type=\"application\/ld+json\" class=\"yoast-schema-graph\">{\"@context\":\"https:\/\/schema.org\",\"@graph\":[{\"@type\":\"Article\",\"@id\":\"http:\/\/www.ituren.eus\/hirigintzako-udal-plana-hasierako-onespena\/#article\",\"isPartOf\":{\"@id\":\"http:\/\/www.ituren.eus\/hirigintzako-udal-plana-hasierako-onespena\/\"},\"author\":{\"name\":\"iturenudala\",\"@id\":\"http:\/\/www.ituren.eus\/es\/#\/schema\/person\/4d66c12839d706916abaa8f0062537ae\"},\"headline\":\"Aprobaci\u00f3n inicial del Plan Urban\u00edstico Municipal\",\"datePublished\":\"2023-05-03T10:00:20+00:00\",\"dateModified\":\"2025-10-27T13:43:23+00:00\",\"mainEntityOfPage\":{\"@id\":\"http:\/\/www.ituren.eus\/hirigintzako-udal-plana-hasierako-onespena\/\"},\"wordCount\":194,\"image\":{\"@id\":\"http:\/\/www.ituren.eus\/hirigintzako-udal-plana-hasierako-onespena\/#primaryimage\"},\"thumbnailUrl\":\"https:\/\/areso.eus\/wp-content\/uploads\/2025\/05\/Nafarroa-Gobernu-Gobierno-de-Navarra-1.png\",\"articleSection\":[\"Noticias\"],\"inLanguage\":\"es\"},{\"@type\":\"WebPage\",\"@id\":\"http:\/\/www.ituren.eus\/hirigintzako-udal-plana-hasierako-onespena\/\",\"url\":\"http:\/\/www.ituren.eus\/hirigintzako-udal-plana-hasierako-onespena\/\",\"name\":\"[:eu]Hirigintzako Udal Plana. Hasierako onespena[:es]Aprobaci\u00f3n inicial del Plan Urban\u00edstico Municipal[:] - Ayuntamiento de Ituren\",\"isPartOf\":{\"@id\":\"http:\/\/www.ituren.eus\/es\/#website\"},\"primaryImageOfPage\":{\"@id\":\"http:\/\/www.ituren.eus\/hirigintzako-udal-plana-hasierako-onespena\/#primaryimage\"},\"image\":{\"@id\":\"http:\/\/www.ituren.eus\/hirigintzako-udal-plana-hasierako-onespena\/#primaryimage\"},\"thumbnailUrl\":\"https:\/\/areso.eus\/wp-content\/uploads\/2025\/05\/Nafarroa-Gobernu-Gobierno-de-Navarra-1.png\",\"datePublished\":\"2023-05-03T10:00:20+00:00\",\"dateModified\":\"2025-10-27T13:43:23+00:00\",\"author\":{\"@id\":\"http:\/\/www.ituren.eus\/es\/#\/schema\/person\/4d66c12839d706916abaa8f0062537ae\"},\"breadcrumb\":{\"@id\":\"http:\/\/www.ituren.eus\/hirigintzako-udal-plana-hasierako-onespena\/#breadcrumb\"},\"inLanguage\":\"es\",\"potentialAction\":[{\"@type\":\"ReadAction\",\"target\":[\"http:\/\/www.ituren.eus\/hirigintzako-udal-plana-hasierako-onespena\/\"]}]},{\"@type\":\"ImageObject\",\"inLanguage\":\"es\",\"@id\":\"http:\/\/www.ituren.eus\/hirigintzako-udal-plana-hasierako-onespena\/#primaryimage\",\"url\":\"https:\/\/areso.eus\/wp-content\/uploads\/2025\/05\/Nafarroa-Gobernu-Gobierno-de-Navarra-1.png\",\"contentUrl\":\"https:\/\/areso.eus\/wp-content\/uploads\/2025\/05\/Nafarroa-Gobernu-Gobierno-de-Navarra-1.png\"},{\"@type\":\"BreadcrumbList\",\"@id\":\"http:\/\/www.ituren.eus\/hirigintzako-udal-plana-hasierako-onespena\/#breadcrumb\",\"itemListElement\":[{\"@type\":\"ListItem\",\"position\":1,\"name\":\"Portada\",\"item\":\"http:\/\/www.ituren.eus\/es\/\"},{\"@type\":\"ListItem\",\"position\":2,\"name\":\"Hirigintzako Udal Plana. Hasierako onespena\"}]},{\"@type\":\"WebSite\",\"@id\":\"http:\/\/www.ituren.eus\/es\/#website\",\"url\":\"http:\/\/www.ituren.eus\/es\/\",\"name\":\"Ayuntamiento de Ituren\",\"description\":\"Ayuntamiento de Ituren\",\"potentialAction\":[{\"@type\":\"SearchAction\",\"target\":{\"@type\":\"EntryPoint\",\"urlTemplate\":\"http:\/\/www.ituren.eus\/es\/?s={search_term_string}\"},\"query-input\":{\"@type\":\"PropertyValueSpecification\",\"valueRequired\":true,\"valueName\":\"search_term_string\"}}],\"inLanguage\":\"es\"},{\"@type\":\"Person\",\"@id\":\"http:\/\/www.ituren.eus\/es\/#\/schema\/person\/4d66c12839d706916abaa8f0062537ae\",\"name\":\"iturenudala\",\"image\":{\"@type\":\"ImageObject\",\"inLanguage\":\"es\",\"@id\":\"http:\/\/www.ituren.eus\/es\/#\/schema\/person\/image\/\",\"url\":\"https:\/\/secure.gravatar.com\/avatar\/4e30601340330427e0d7c57bcce3a70cc8ec761634b2069b7b46900b949dedf6?s=96&d=mm&r=g\",\"contentUrl\":\"https:\/\/secure.gravatar.com\/avatar\/4e30601340330427e0d7c57bcce3a70cc8ec761634b2069b7b46900b949dedf6?s=96&d=mm&r=g\",\"caption\":\"iturenudala\"},\"url\":\"http:\/\/www.ituren.eus\/es\/author\/iturenudala\/\"}]}<\/script>\r\n<!-- \/ Yoast SEO plugin. -->","yoast_head_json":{"title":"[:eu]Hirigintzako Udal Plana. Hasierako onespena[:es]Aprobaci\u00f3n inicial del Plan Urban\u00edstico Municipal[:] - Ayuntamiento de Ituren","robots":{"index":"index","follow":"follow","max-snippet":"max-snippet:-1","max-image-preview":"max-image-preview:large","max-video-preview":"max-video-preview:-1"},"canonical":"http:\/\/www.ituren.eus\/hirigintzako-udal-plana-hasierako-onespena\/","og_locale":"es_ES","og_type":"article","og_title":"[:eu]Hirigintzako Udal Plana. Hasierako onespena[:es]Aprobaci\u00f3n inicial del Plan Urban\u00edstico Municipal[:] - Ayuntamiento de Ituren","og_description":"&nbsp; Aprobaci\u00f3n inicial del Plan Urban\u00edstico Municipal\u00a0 el 3 de abril de 2023 y publicado en el BON el 27 de abril del 2023 https:\/\/bon.navarra.es\/es\/anuncio\/-\/texto\/2023\/88\/34 La redacci\u00f3n y tramitaci\u00f3n del Plan ha sido cofinanciada por Gobierno de Navarra. &nbsp; &nbsp;&hellip;","og_url":"http:\/\/www.ituren.eus\/hirigintzako-udal-plana-hasierako-onespena\/","og_site_name":"Ayuntamiento de Ituren","article_published_time":"2023-05-03T10:00:20+00:00","article_modified_time":"2025-10-27T13:43:23+00:00","author":"iturenudala","twitter_card":"summary_large_image","twitter_misc":{"Escrito por":"iturenudala","Tiempo de lectura":"1 minuto"},"schema":{"@context":"https:\/\/schema.org","@graph":[{"@type":"Article","@id":"http:\/\/www.ituren.eus\/hirigintzako-udal-plana-hasierako-onespena\/#article","isPartOf":{"@id":"http:\/\/www.ituren.eus\/hirigintzako-udal-plana-hasierako-onespena\/"},"author":{"name":"iturenudala","@id":"http:\/\/www.ituren.eus\/es\/#\/schema\/person\/4d66c12839d706916abaa8f0062537ae"},"headline":"Aprobaci\u00f3n inicial del Plan Urban\u00edstico Municipal","datePublished":"2023-05-03T10:00:20+00:00","dateModified":"2025-10-27T13:43:23+00:00","mainEntityOfPage":{"@id":"http:\/\/www.ituren.eus\/hirigintzako-udal-plana-hasierako-onespena\/"},"wordCount":194,"image":{"@id":"http:\/\/www.ituren.eus\/hirigintzako-udal-plana-hasierako-onespena\/#primaryimage"},"thumbnailUrl":"https:\/\/areso.eus\/wp-content\/uploads\/2025\/05\/Nafarroa-Gobernu-Gobierno-de-Navarra-1.png","articleSection":["Noticias"],"inLanguage":"es"},{"@type":"WebPage","@id":"http:\/\/www.ituren.eus\/hirigintzako-udal-plana-hasierako-onespena\/","url":"http:\/\/www.ituren.eus\/hirigintzako-udal-plana-hasierako-onespena\/","name":"[:eu]Hirigintzako Udal Plana. Hasierako onespena[:es]Aprobaci\u00f3n inicial del Plan Urban\u00edstico Municipal[:] - Ayuntamiento de Ituren","isPartOf":{"@id":"http:\/\/www.ituren.eus\/es\/#website"},"primaryImageOfPage":{"@id":"http:\/\/www.ituren.eus\/hirigintzako-udal-plana-hasierako-onespena\/#primaryimage"},"image":{"@id":"http:\/\/www.ituren.eus\/hirigintzako-udal-plana-hasierako-onespena\/#primaryimage"},"thumbnailUrl":"https:\/\/areso.eus\/wp-content\/uploads\/2025\/05\/Nafarroa-Gobernu-Gobierno-de-Navarra-1.png","datePublished":"2023-05-03T10:00:20+00:00","dateModified":"2025-10-27T13:43:23+00:00","author":{"@id":"http:\/\/www.ituren.eus\/es\/#\/schema\/person\/4d66c12839d706916abaa8f0062537ae"},"breadcrumb":{"@id":"http:\/\/www.ituren.eus\/hirigintzako-udal-plana-hasierako-onespena\/#breadcrumb"},"inLanguage":"es","potentialAction":[{"@type":"ReadAction","target":["http:\/\/www.ituren.eus\/hirigintzako-udal-plana-hasierako-onespena\/"]}]},{"@type":"ImageObject","inLanguage":"es","@id":"http:\/\/www.ituren.eus\/hirigintzako-udal-plana-hasierako-onespena\/#primaryimage","url":"https:\/\/areso.eus\/wp-content\/uploads\/2025\/05\/Nafarroa-Gobernu-Gobierno-de-Navarra-1.png","contentUrl":"https:\/\/areso.eus\/wp-content\/uploads\/2025\/05\/Nafarroa-Gobernu-Gobierno-de-Navarra-1.png"},{"@type":"BreadcrumbList","@id":"http:\/\/www.ituren.eus\/hirigintzako-udal-plana-hasierako-onespena\/#breadcrumb","itemListElement":[{"@type":"ListItem","position":1,"name":"Portada","item":"http:\/\/www.ituren.eus\/es\/"},{"@type":"ListItem","position":2,"name":"Hirigintzako Udal Plana. Hasierako onespena"}]},{"@type":"WebSite","@id":"http:\/\/www.ituren.eus\/es\/#website","url":"http:\/\/www.ituren.eus\/es\/","name":"Ayuntamiento de Ituren","description":"Ayuntamiento de Ituren","potentialAction":[{"@type":"SearchAction","target":{"@type":"EntryPoint","urlTemplate":"http:\/\/www.ituren.eus\/es\/?s={search_term_string}"},"query-input":{"@type":"PropertyValueSpecification","valueRequired":true,"valueName":"search_term_string"}}],"inLanguage":"es"},{"@type":"Person","@id":"http:\/\/www.ituren.eus\/es\/#\/schema\/person\/4d66c12839d706916abaa8f0062537ae","name":"iturenudala","image":{"@type":"ImageObject","inLanguage":"es","@id":"http:\/\/www.ituren.eus\/es\/#\/schema\/person\/image\/","url":"https:\/\/secure.gravatar.com\/avatar\/4e30601340330427e0d7c57bcce3a70cc8ec761634b2069b7b46900b949dedf6?s=96&d=mm&r=g","contentUrl":"https:\/\/secure.gravatar.com\/avatar\/4e30601340330427e0d7c57bcce3a70cc8ec761634b2069b7b46900b949dedf6?s=96&d=mm&r=g","caption":"iturenudala"},"url":"http:\/\/www.ituren.eus\/es\/author\/iturenudala\/"}]}},"_links":{"self":[{"href":"http:\/\/www.ituren.eus\/es\/wp-json\/wp\/v2\/posts\/14022","targetHints":{"allow":["GET"]}}],"collection":[{"href":"http:\/\/www.ituren.eus\/es\/wp-json\/wp\/v2\/posts"}],"about":[{"href":"http:\/\/www.ituren.eus\/es\/wp-json\/wp\/v2\/types\/post"}],"author":[{"embeddable":true,"href":"http:\/\/www.ituren.eus\/es\/wp-json\/wp\/v2\/users\/259"}],"replies":[{"embeddable":true,"href":"http:\/\/www.ituren.eus\/es\/wp-json\/wp\/v2\/comments?post=14022"}],"version-history":[{"count":3,"href":"http:\/\/www.ituren.eus\/es\/wp-json\/wp\/v2\/posts\/14022\/revisions"}],"predecessor-version":[{"id":14297,"href":"http:\/\/www.ituren.eus\/es\/wp-json\/wp\/v2\/posts\/14022\/revisions\/14297"}],"wp:attachment":[{"href":"http:\/\/www.ituren.eus\/es\/wp-json\/wp\/v2\/media?parent=14022"}],"wp:term":[{"taxonomy":"category","embeddable":true,"href":"http:\/\/www.ituren.eus\/es\/wp-json\/wp\/v2\/categories?post=14022"},{"taxonomy":"post_tag","embeddable":true,"href":"http:\/\/www.ituren.eus\/es\/wp-json\/wp\/v2\/tags?post=14022"}],"curies":[{"name":"wp","href":"https:\/\/api.w.org\/{rel}","templated":true}]}}