{"id":14124,"date":"2024-11-12T11:43:50","date_gmt":"2024-11-12T10:43:50","guid":{"rendered":"http:\/\/www.ituren.eus\/?p=14124"},"modified":"2024-11-12T11:51:37","modified_gmt":"2024-11-12T10:51:37","slug":"bandoa-boe-babes-ofizialeko-etxebizitzak-erosi-edo-alokatzeko-interesatuen-buruzko-inkesta","status":"publish","type":"post","link":"http:\/\/www.ituren.eus\/es\/bandoa-boe-babes-ofizialeko-etxebizitzak-erosi-edo-alokatzeko-interesatuen-buruzko-inkesta\/","title":{"rendered":"Bando VPO.  Encuesta sobre interesados\/as en compra o alquiler de vivienda protegida."},"content":{"rendered":"<p>&nbsp;<\/p>\n<p>Desde el Ayuntamiento de Ituren se ha confeccionado un formulario para la elaboraci\u00f3n de una lista de interesados\/as en la compra o alquiler de Vivienda Protegida.<\/p>\n<p>El modelo de declaraci\u00f3n y su anexo puede descargarse de la p\u00e1gina web municipal:<\/p>\n<p><a href=\"http:\/\/www.ituren.eus\">\u00a0 \u00a0 \u00a0 \u00a0 \u00a0 \u00a0 \u00a0 \u00a0 \u00a0 \u00a0 \u00a0 \u00a0 www.ituren.eus<\/a><\/p>\n<p>&nbsp;<\/p>\n<p>Una vez cumplimentado por quien est\u00e9 interesado, (teniendo en cuenta las condiciones que hay que cumplir para ello), podr\u00e1 presentar la declaraci\u00f3n en el Ayuntamiento bien presencialmente en horario de oficina, bien a trav\u00e9s de la sede electr\u00f3nica municipal.<\/p>\n<p>&nbsp;<\/p>\n<p>El Plazo para la presentaci\u00f3n de la citada documentaci\u00f3n ser\u00e1 el siguiente:<\/p>\n<p><strong>11\/11\/2024 al 25\/11\/2024<\/strong><\/p>\n<p><a href=\"http:\/\/www.ituren.eus\/wp-content\/uploads\/sites\/84\/2024\/11\/BANDOA-BOE-VPO.pdf\" class=\"mtli_attachment mtli_pdf\">BANDOA BOE-VPO<\/a><\/p>\n<p><a href=\"http:\/\/www.ituren.eus\/wp-content\/uploads\/sites\/84\/2024\/11\/Cuestionario-a-cumplimentar-y-anexo.pdf\" class=\"mtli_attachment mtli_pdf\">Cuestionario a cumplimentar y anexo<\/a><\/p>","protected":false},"excerpt":{"rendered":"<p>&nbsp; Desde el Ayuntamiento de Ituren se ha confeccionado un formulario para la elaboraci\u00f3n de una lista de interesados\/as en la compra o alquiler de Vivienda Protegida. El modelo de declaraci\u00f3n y su anexo puede descargarse de la p\u00e1gina web&hellip; <\/p>\n","protected":false},"author":259,"featured_media":0,"comment_status":"closed","ping_status":"closed","sticky":false,"template":"","format":"standard","meta":{"_monsterinsights_skip_tracking":false,"_monsterinsights_sitenote_active":false,"_monsterinsights_sitenote_note":"","_monsterinsights_sitenote_category":0,"footnotes":""},"categories":[7],"tags":[],"class_list":["post-14124","post","type-post","status-publish","format-standard","hentry","category-noticias"],"yoast_head":"<!-- This site is optimized with the Yoast SEO plugin v26.8 - https:\/\/yoast.com\/product\/yoast-seo-wordpress\/ -->\r\n<title>Bando VPO. Encuesta sobre interesados\/as en compra o alquiler de vivienda protegida. - Ayuntamiento de Ituren<\/title>\r\n<meta name=\"robots\" content=\"index, follow, max-snippet:-1, max-image-preview:large, max-video-preview:-1\" \/>\r\n<link rel=\"canonical\" href=\"http:\/\/www.ituren.eus\/bandoa-boe-babes-ofizialeko-etxebizitzak-erosi-edo-alokatzeko-interesatuen-buruzko-inkesta\/\" \/>\r\n<meta property=\"og:locale\" content=\"es_ES\" \/>\r\n<meta property=\"og:type\" content=\"article\" \/>\r\n<meta property=\"og:title\" content=\"[:eu]Bandoa BOE: Babes Ofizialeko etxebizitzak erosi edo alokatzeko interesatuei buruzko inkesta.[:es]Bando VPO. Encuesta sobre interesados\/as en compra o alquiler de vivienda protegida.[:] - Ayuntamiento de Ituren\" \/>\r\n<meta property=\"og:description\" content=\"&nbsp; Desde el Ayuntamiento de Ituren se ha confeccionado un formulario para la elaboraci\u00f3n de una lista de interesados\/as en la compra o alquiler de Vivienda Protegida. El modelo de declaraci\u00f3n y su anexo puede descargarse de la p\u00e1gina web&hellip;\" \/>\r\n<meta property=\"og:url\" content=\"http:\/\/www.ituren.eus\/bandoa-boe-babes-ofizialeko-etxebizitzak-erosi-edo-alokatzeko-interesatuen-buruzko-inkesta\/\" \/>\r\n<meta property=\"og:site_name\" content=\"Ayuntamiento de Ituren\" \/>\r\n<meta property=\"article:published_time\" content=\"2024-11-12T10:43:50+00:00\" \/>\r\n<meta property=\"article:modified_time\" content=\"2024-11-12T10:51:37+00:00\" \/>\r\n<meta name=\"author\" content=\"iturenudala\" \/>\r\n<meta name=\"twitter:card\" content=\"summary_large_image\" \/>\r\n<meta name=\"twitter:label1\" content=\"Escrito por\" \/>\n\t<meta name=\"twitter:data1\" content=\"iturenudala\" \/>\n\t<meta name=\"twitter:label2\" content=\"Tiempo de lectura\" \/>\n\t<meta name=\"twitter:data2\" content=\"1 minuto\" \/>\r\n<script type=\"application\/ld+json\" class=\"yoast-schema-graph\">{\"@context\":\"https:\/\/schema.org\",\"@graph\":[{\"@type\":\"Article\",\"@id\":\"http:\/\/www.ituren.eus\/bandoa-boe-babes-ofizialeko-etxebizitzak-erosi-edo-alokatzeko-interesatuen-buruzko-inkesta\/#article\",\"isPartOf\":{\"@id\":\"http:\/\/www.ituren.eus\/bandoa-boe-babes-ofizialeko-etxebizitzak-erosi-edo-alokatzeko-interesatuen-buruzko-inkesta\/\"},\"author\":{\"name\":\"iturenudala\",\"@id\":\"http:\/\/www.ituren.eus\/es\/#\/schema\/person\/4d66c12839d706916abaa8f0062537ae\"},\"headline\":\"Bando VPO. Encuesta sobre interesados\/as en compra o alquiler de vivienda protegida.\",\"datePublished\":\"2024-11-12T10:43:50+00:00\",\"dateModified\":\"2024-11-12T10:51:37+00:00\",\"mainEntityOfPage\":{\"@id\":\"http:\/\/www.ituren.eus\/bandoa-boe-babes-ofizialeko-etxebizitzak-erosi-edo-alokatzeko-interesatuen-buruzko-inkesta\/\"},\"wordCount\":215,\"articleSection\":[\"Noticias\"],\"inLanguage\":\"es\"},{\"@type\":\"WebPage\",\"@id\":\"http:\/\/www.ituren.eus\/bandoa-boe-babes-ofizialeko-etxebizitzak-erosi-edo-alokatzeko-interesatuen-buruzko-inkesta\/\",\"url\":\"http:\/\/www.ituren.eus\/bandoa-boe-babes-ofizialeko-etxebizitzak-erosi-edo-alokatzeko-interesatuen-buruzko-inkesta\/\",\"name\":\"[:eu]Bandoa BOE: Babes Ofizialeko etxebizitzak erosi edo alokatzeko interesatuei buruzko inkesta.[:es]Bando VPO. Encuesta sobre interesados\/as en compra o alquiler de vivienda protegida.[:] - Ayuntamiento de Ituren\",\"isPartOf\":{\"@id\":\"http:\/\/www.ituren.eus\/es\/#website\"},\"datePublished\":\"2024-11-12T10:43:50+00:00\",\"dateModified\":\"2024-11-12T10:51:37+00:00\",\"author\":{\"@id\":\"http:\/\/www.ituren.eus\/es\/#\/schema\/person\/4d66c12839d706916abaa8f0062537ae\"},\"breadcrumb\":{\"@id\":\"http:\/\/www.ituren.eus\/bandoa-boe-babes-ofizialeko-etxebizitzak-erosi-edo-alokatzeko-interesatuen-buruzko-inkesta\/#breadcrumb\"},\"inLanguage\":\"es\",\"potentialAction\":[{\"@type\":\"ReadAction\",\"target\":[\"http:\/\/www.ituren.eus\/bandoa-boe-babes-ofizialeko-etxebizitzak-erosi-edo-alokatzeko-interesatuen-buruzko-inkesta\/\"]}]},{\"@type\":\"BreadcrumbList\",\"@id\":\"http:\/\/www.ituren.eus\/bandoa-boe-babes-ofizialeko-etxebizitzak-erosi-edo-alokatzeko-interesatuen-buruzko-inkesta\/#breadcrumb\",\"itemListElement\":[{\"@type\":\"ListItem\",\"position\":1,\"name\":\"Portada\",\"item\":\"http:\/\/www.ituren.eus\/es\/\"},{\"@type\":\"ListItem\",\"position\":2,\"name\":\"Bandoa BOE: Babes Ofizialeko etxebizitzak erosi edo alokatzeko interesatuei buruzko inkesta.\"}]},{\"@type\":\"WebSite\",\"@id\":\"http:\/\/www.ituren.eus\/es\/#website\",\"url\":\"http:\/\/www.ituren.eus\/es\/\",\"name\":\"Ayuntamiento de Ituren\",\"description\":\"Ayuntamiento de Ituren\",\"potentialAction\":[{\"@type\":\"SearchAction\",\"target\":{\"@type\":\"EntryPoint\",\"urlTemplate\":\"http:\/\/www.ituren.eus\/es\/?s={search_term_string}\"},\"query-input\":{\"@type\":\"PropertyValueSpecification\",\"valueRequired\":true,\"valueName\":\"search_term_string\"}}],\"inLanguage\":\"es\"},{\"@type\":\"Person\",\"@id\":\"http:\/\/www.ituren.eus\/es\/#\/schema\/person\/4d66c12839d706916abaa8f0062537ae\",\"name\":\"iturenudala\",\"image\":{\"@type\":\"ImageObject\",\"inLanguage\":\"es\",\"@id\":\"http:\/\/www.ituren.eus\/es\/#\/schema\/person\/image\/\",\"url\":\"https:\/\/secure.gravatar.com\/avatar\/4e30601340330427e0d7c57bcce3a70cc8ec761634b2069b7b46900b949dedf6?s=96&d=mm&r=g\",\"contentUrl\":\"https:\/\/secure.gravatar.com\/avatar\/4e30601340330427e0d7c57bcce3a70cc8ec761634b2069b7b46900b949dedf6?s=96&d=mm&r=g\",\"caption\":\"iturenudala\"},\"url\":\"http:\/\/www.ituren.eus\/es\/author\/iturenudala\/\"}]}<\/script>\r\n<!-- \/ Yoast SEO plugin. -->","yoast_head_json":{"title":"[:eu]Bandoa BOE: Babes Ofizialeko etxebizitzak erosi edo alokatzeko interesatuei buruzko inkesta.[:es]Bando VPO. Encuesta sobre interesados\/as en compra o alquiler de vivienda protegida.[:] - Ayuntamiento de Ituren","robots":{"index":"index","follow":"follow","max-snippet":"max-snippet:-1","max-image-preview":"max-image-preview:large","max-video-preview":"max-video-preview:-1"},"canonical":"http:\/\/www.ituren.eus\/bandoa-boe-babes-ofizialeko-etxebizitzak-erosi-edo-alokatzeko-interesatuen-buruzko-inkesta\/","og_locale":"es_ES","og_type":"article","og_title":"[:eu]Bandoa BOE: Babes Ofizialeko etxebizitzak erosi edo alokatzeko interesatuei buruzko inkesta.[:es]Bando VPO. Encuesta sobre interesados\/as en compra o alquiler de vivienda protegida.[:] - Ayuntamiento de Ituren","og_description":"&nbsp; Desde el Ayuntamiento de Ituren se ha confeccionado un formulario para la elaboraci\u00f3n de una lista de interesados\/as en la compra o alquiler de Vivienda Protegida. El modelo de declaraci\u00f3n y su anexo puede descargarse de la p\u00e1gina web&hellip;","og_url":"http:\/\/www.ituren.eus\/bandoa-boe-babes-ofizialeko-etxebizitzak-erosi-edo-alokatzeko-interesatuen-buruzko-inkesta\/","og_site_name":"Ayuntamiento de Ituren","article_published_time":"2024-11-12T10:43:50+00:00","article_modified_time":"2024-11-12T10:51:37+00:00","author":"iturenudala","twitter_card":"summary_large_image","twitter_misc":{"Escrito por":"iturenudala","Tiempo de lectura":"1 minuto"},"schema":{"@context":"https:\/\/schema.org","@graph":[{"@type":"Article","@id":"http:\/\/www.ituren.eus\/bandoa-boe-babes-ofizialeko-etxebizitzak-erosi-edo-alokatzeko-interesatuen-buruzko-inkesta\/#article","isPartOf":{"@id":"http:\/\/www.ituren.eus\/bandoa-boe-babes-ofizialeko-etxebizitzak-erosi-edo-alokatzeko-interesatuen-buruzko-inkesta\/"},"author":{"name":"iturenudala","@id":"http:\/\/www.ituren.eus\/es\/#\/schema\/person\/4d66c12839d706916abaa8f0062537ae"},"headline":"Bando VPO. Encuesta sobre interesados\/as en compra o alquiler de vivienda protegida.","datePublished":"2024-11-12T10:43:50+00:00","dateModified":"2024-11-12T10:51:37+00:00","mainEntityOfPage":{"@id":"http:\/\/www.ituren.eus\/bandoa-boe-babes-ofizialeko-etxebizitzak-erosi-edo-alokatzeko-interesatuen-buruzko-inkesta\/"},"wordCount":215,"articleSection":["Noticias"],"inLanguage":"es"},{"@type":"WebPage","@id":"http:\/\/www.ituren.eus\/bandoa-boe-babes-ofizialeko-etxebizitzak-erosi-edo-alokatzeko-interesatuen-buruzko-inkesta\/","url":"http:\/\/www.ituren.eus\/bandoa-boe-babes-ofizialeko-etxebizitzak-erosi-edo-alokatzeko-interesatuen-buruzko-inkesta\/","name":"[:eu]Bandoa BOE: Babes Ofizialeko etxebizitzak erosi edo alokatzeko interesatuei buruzko inkesta.[:es]Bando VPO. Encuesta sobre interesados\/as en compra o alquiler de vivienda protegida.[:] - Ayuntamiento de Ituren","isPartOf":{"@id":"http:\/\/www.ituren.eus\/es\/#website"},"datePublished":"2024-11-12T10:43:50+00:00","dateModified":"2024-11-12T10:51:37+00:00","author":{"@id":"http:\/\/www.ituren.eus\/es\/#\/schema\/person\/4d66c12839d706916abaa8f0062537ae"},"breadcrumb":{"@id":"http:\/\/www.ituren.eus\/bandoa-boe-babes-ofizialeko-etxebizitzak-erosi-edo-alokatzeko-interesatuen-buruzko-inkesta\/#breadcrumb"},"inLanguage":"es","potentialAction":[{"@type":"ReadAction","target":["http:\/\/www.ituren.eus\/bandoa-boe-babes-ofizialeko-etxebizitzak-erosi-edo-alokatzeko-interesatuen-buruzko-inkesta\/"]}]},{"@type":"BreadcrumbList","@id":"http:\/\/www.ituren.eus\/bandoa-boe-babes-ofizialeko-etxebizitzak-erosi-edo-alokatzeko-interesatuen-buruzko-inkesta\/#breadcrumb","itemListElement":[{"@type":"ListItem","position":1,"name":"Portada","item":"http:\/\/www.ituren.eus\/es\/"},{"@type":"ListItem","position":2,"name":"Bandoa BOE: Babes Ofizialeko etxebizitzak erosi edo alokatzeko interesatuei buruzko inkesta."}]},{"@type":"WebSite","@id":"http:\/\/www.ituren.eus\/es\/#website","url":"http:\/\/www.ituren.eus\/es\/","name":"Ayuntamiento de Ituren","description":"Ayuntamiento de Ituren","potentialAction":[{"@type":"SearchAction","target":{"@type":"EntryPoint","urlTemplate":"http:\/\/www.ituren.eus\/es\/?s={search_term_string}"},"query-input":{"@type":"PropertyValueSpecification","valueRequired":true,"valueName":"search_term_string"}}],"inLanguage":"es"},{"@type":"Person","@id":"http:\/\/www.ituren.eus\/es\/#\/schema\/person\/4d66c12839d706916abaa8f0062537ae","name":"iturenudala","image":{"@type":"ImageObject","inLanguage":"es","@id":"http:\/\/www.ituren.eus\/es\/#\/schema\/person\/image\/","url":"https:\/\/secure.gravatar.com\/avatar\/4e30601340330427e0d7c57bcce3a70cc8ec761634b2069b7b46900b949dedf6?s=96&d=mm&r=g","contentUrl":"https:\/\/secure.gravatar.com\/avatar\/4e30601340330427e0d7c57bcce3a70cc8ec761634b2069b7b46900b949dedf6?s=96&d=mm&r=g","caption":"iturenudala"},"url":"http:\/\/www.ituren.eus\/es\/author\/iturenudala\/"}]}},"_links":{"self":[{"href":"http:\/\/www.ituren.eus\/es\/wp-json\/wp\/v2\/posts\/14124","targetHints":{"allow":["GET"]}}],"collection":[{"href":"http:\/\/www.ituren.eus\/es\/wp-json\/wp\/v2\/posts"}],"about":[{"href":"http:\/\/www.ituren.eus\/es\/wp-json\/wp\/v2\/types\/post"}],"author":[{"embeddable":true,"href":"http:\/\/www.ituren.eus\/es\/wp-json\/wp\/v2\/users\/259"}],"replies":[{"embeddable":true,"href":"http:\/\/www.ituren.eus\/es\/wp-json\/wp\/v2\/comments?post=14124"}],"version-history":[{"count":2,"href":"http:\/\/www.ituren.eus\/es\/wp-json\/wp\/v2\/posts\/14124\/revisions"}],"predecessor-version":[{"id":14129,"href":"http:\/\/www.ituren.eus\/es\/wp-json\/wp\/v2\/posts\/14124\/revisions\/14129"}],"wp:attachment":[{"href":"http:\/\/www.ituren.eus\/es\/wp-json\/wp\/v2\/media?parent=14124"}],"wp:term":[{"taxonomy":"category","embeddable":true,"href":"http:\/\/www.ituren.eus\/es\/wp-json\/wp\/v2\/categories?post=14124"},{"taxonomy":"post_tag","embeddable":true,"href":"http:\/\/www.ituren.eus\/es\/wp-json\/wp\/v2\/tags?post=14124"}],"curies":[{"name":"wp","href":"https:\/\/api.w.org\/{rel}","templated":true}]}}