{"id":7363,"date":"2017-09-21T11:15:52","date_gmt":"2017-09-21T11:15:52","guid":{"rendered":"http:\/\/www.ituren.eus\/?p=7363"},"modified":"2017-09-21T11:15:52","modified_gmt":"2017-09-21T11:15:52","slug":"kontu-hartzailearen-lanpostua-betetzea-kontratazio-proposamena","status":"publish","type":"post","link":"http:\/\/www.ituren.eus\/es\/kontu-hartzailearen-lanpostua-betetzea-kontratazio-proposamena\/","title":{"rendered":"PROVISI\u00d3N DE PUESTO DE INTERVENTOR\/A. PROPUESTA CONTRATACI\u00d3N."},"content":{"rendered":"<p><\/p>\n<p style=\"text-align: justify\"><!--StartFragment--><\/p>\n<p style=\"text-align: justify\">El d\u00eda 21 de septiembre de 2017 la Sra. Presidenta de esta Agrupaci\u00f3n de Servicios dict\u00f3 la resoluci\u00f3n del tenor literal siguiente:<\/p>\n<p style=\"text-align: center\"><strong>RESOLUCI\u00d3N DE LA SRA. PRESIDENTA. N\u00ba 2017\/04.<\/strong><\/p>\n<p style=\"text-align: justify\">\u00a0\u00a0\u00a0\u00a0\u00a0\u00a0\u00a0\u00a0\u00a0\u00a0\u00a0 Vista el acta del Tribunal calificador con los resultados del concurso-oposici\u00f3n para la contrataci\u00f3n temporal en r\u00e9gimen administrativo, de una plaza de interventor\/a con destino a la Agrupaci\u00f3n de Servicios Administrativos de Doneztebe-Santesteban, Elgorriaga, Ituren y Zubieta y la creaci\u00f3n de una bolsa de empleo para futuras necesidades.<\/p>\n<p style=\"text-align: center\">\u00a0<strong>Mar\u00eda Jos\u00e9 Bereau Baleztena, presidenta de la Agrupaci\u00f3n de Servicios y alcaldesa del Ayuntamiento de Ituren<\/strong><\/p>\n<p style=\"text-align: center\"><strong>\u00a0RESUELVO:<\/strong><\/p>\n<p style=\"text-align: justify\">\u00a0\u00a0\u00a0\u00a0\u00a0\u00a0\u00a0\u00a0\u00a0\u00a0\u00a0\u00a0\u00a0 1. Proponer la contrataci\u00f3n de Naiara Arrechea Gorosterrazu, aspirante que ha obtenido la mayor puntuaci\u00f3n.<\/p>\n<p style=\"text-align: justify\">\u00a0\u00a0\u00a0\u00a0\u00a0\u00a0\u00a0\u00a0\u00a0\u00a0\u00a0\u00a0 2. Notificar la presente Resoluci\u00f3n a la interesada y publicarla en la p\u00e1gina web y Tabl\u00f3n de Anuncios del Ayuntamiento de Ituren.<\/p>\n<table width=\"369\">\n<tbody>\n<tr>\n<td colspan=\"2\" width=\"160\"><\/td>\n<\/tr>\n<tr>\n<td><\/td>\n<td><\/td>\n<td><\/td>\n<td><\/td>\n<td><\/td>\n<\/tr>\n<tr>\n<td><\/td>\n<td><\/td>\n<td><\/td>\n<td><\/td>\n<td><\/td>\n<\/tr>\n<tr>\n<td><\/td>\n<td><\/td>\n<td><\/td>\n<td><\/td>\n<td><\/td>\n<\/tr>\n<tr>\n<td><\/td>\n<td><\/td>\n<td><\/td>\n<td><\/td>\n<td><\/td>\n<\/tr>\n<tr>\n<td><\/td>\n<td><\/td>\n<td><\/td>\n<td><\/td>\n<td><\/td>\n<\/tr>\n<tr>\n<td><\/td>\n<td><\/td>\n<td><\/td>\n<td><\/td>\n<td><\/td>\n<\/tr>\n<tr>\n<td><\/td>\n<td><\/td>\n<td><\/td>\n<td><\/td>\n<td><\/td>\n<\/tr>\n<tr>\n<td><\/td>\n<td><\/td>\n<td><\/td>\n<td><\/td>\n<td><\/td>\n<\/tr>\n<tr>\n<td><\/td>\n<\/tr>\n<tr>\n<td><\/td>\n<td><\/td>\n<\/tr>\n<tr>\n<td><\/td>\n<td><\/td>\n<\/tr>\n<tr>\n<td><\/td>\n<td><\/td>\n<\/tr>\n<tr>\n<td colspan=\"2\"><\/td>\n<\/tr>\n<tr>\n<td><\/td>\n<td><\/td>\n<td><\/td>\n<td><\/td>\n<\/tr>\n<tr>\n<td><\/td>\n<td><\/td>\n<td><\/td>\n<td><\/td>\n<\/tr>\n<tr>\n<td><\/td>\n<td><\/td>\n<td><\/td>\n<td><\/td>\n<\/tr>\n<tr>\n<td><\/td>\n<td><\/td>\n<td><\/td>\n<td><\/td>\n<\/tr>\n<tr>\n<td><\/td>\n<td><\/td>\n<td><\/td>\n<td><\/td>\n<\/tr>\n<tr>\n<td><\/td>\n<td><\/td>\n<td><\/td>\n<td><\/td>\n<\/tr>\n<tr>\n<td><\/td>\n<td><\/td>\n<td><\/td>\n<td><\/td>\n<\/tr>\n<tr>\n<td><\/td>\n<td><\/td>\n<td><\/td>\n<td><\/td>\n<\/tr>\n<\/tbody>\n<\/table>\n<table>\n<tbody>\n<tr>\n<td width=\"157\"><\/td>\n<td width=\"192\"><\/td>\n<\/tr>\n<tr>\n<td width=\"157\"><\/td>\n<td width=\"192\"><\/td>\n<\/tr>\n<tr>\n<td width=\"157\"><\/td>\n<td width=\"192\"><\/td>\n<\/tr>\n<\/tbody>\n<\/table>\n<table>\n<tbody>\n<tr>\n<td width=\"347\"><\/td>\n<td width=\"217\"><\/td>\n<\/tr>\n<tr>\n<td width=\"347\"><\/td>\n<td width=\"217\"><\/td>\n<\/tr>\n<\/tbody>\n<\/table>\n<p><!--EndFragment--><\/p>","protected":false},"excerpt":{"rendered":"<p>El d\u00eda 21 de septiembre de 2017 la Sra. Presidenta de esta Agrupaci\u00f3n de Servicios dict\u00f3 la resoluci\u00f3n del tenor literal siguiente: RESOLUCI\u00d3N DE LA SRA. PRESIDENTA. N\u00ba 2017\/04. \u00a0\u00a0\u00a0\u00a0\u00a0\u00a0\u00a0\u00a0\u00a0\u00a0\u00a0 Vista el acta del Tribunal calificador con los resultados del&hellip; <\/p>\n","protected":false},"author":103,"featured_media":0,"comment_status":"closed","ping_status":"closed","sticky":false,"template":"","format":"standard","meta":{"_monsterinsights_skip_tracking":false,"_monsterinsights_sitenote_active":false,"_monsterinsights_sitenote_note":"","_monsterinsights_sitenote_category":0,"footnotes":""},"categories":[4,7],"tags":[],"class_list":["post-7363","post","type-post","status-publish","format-standard","hentry","category-actualidad","category-noticias"],"yoast_head":"<!-- This site is optimized with the Yoast SEO plugin v26.8 - https:\/\/yoast.com\/product\/yoast-seo-wordpress\/ -->\r\n<title>KONTU-HARTZAILEAREN LANPOSTUA BETETZEA. KONTRATAZIO PROPOSAMENA.PROVISI\u00d3N DE PUESTO DE INTERVENTOR\/A. PROPUESTA CONTRATACI\u00d3N. - Ayuntamiento de Ituren<\/title>\r\n<meta name=\"robots\" content=\"index, follow, max-snippet:-1, max-image-preview:large, max-video-preview:-1\" \/>\r\n<link rel=\"canonical\" href=\"http:\/\/www.ituren.eus\/kontu-hartzailearen-lanpostua-betetzea-kontratazio-proposamena\/\" \/>\r\n<meta property=\"og:locale\" content=\"es_ES\" \/>\r\n<meta property=\"og:type\" content=\"article\" \/>\r\n<meta property=\"og:title\" content=\"KONTU-HARTZAILEAREN LANPOSTUA BETETZEA. KONTRATAZIO PROPOSAMENA.PROVISI\u00d3N DE PUESTO DE INTERVENTOR\/A. PROPUESTA CONTRATACI\u00d3N. - Ayuntamiento de Ituren\" \/>\r\n<meta property=\"og:description\" content=\"El d\u00eda 21 de septiembre de 2017 la Sra. Presidenta de esta Agrupaci\u00f3n de Servicios dict\u00f3 la resoluci\u00f3n del tenor literal siguiente: RESOLUCI\u00d3N DE LA SRA. PRESIDENTA. N\u00ba 2017\/04. \u00a0\u00a0\u00a0\u00a0\u00a0\u00a0\u00a0\u00a0\u00a0\u00a0\u00a0 Vista el acta del Tribunal calificador con los resultados del&hellip;\" \/>\r\n<meta property=\"og:url\" content=\"http:\/\/www.ituren.eus\/kontu-hartzailearen-lanpostua-betetzea-kontratazio-proposamena\/\" \/>\r\n<meta property=\"og:site_name\" content=\"Ayuntamiento de Ituren\" \/>\r\n<meta property=\"article:published_time\" content=\"2017-09-21T11:15:52+00:00\" \/>\r\n<meta name=\"twitter:card\" content=\"summary_large_image\" \/>\r\n<meta name=\"twitter:label1\" content=\"Escrito por\" \/>\n\t<meta name=\"twitter:data1\" content=\"\" \/>\n\t<meta name=\"twitter:label2\" content=\"Tiempo de lectura\" \/>\n\t<meta name=\"twitter:data2\" content=\"1 minuto\" \/>\r\n<script type=\"application\/ld+json\" class=\"yoast-schema-graph\">{\"@context\":\"https:\/\/schema.org\",\"@graph\":[{\"@type\":\"Article\",\"@id\":\"http:\/\/www.ituren.eus\/kontu-hartzailearen-lanpostua-betetzea-kontratazio-proposamena\/#article\",\"isPartOf\":{\"@id\":\"http:\/\/www.ituren.eus\/kontu-hartzailearen-lanpostua-betetzea-kontratazio-proposamena\/\"},\"author\":{\"name\":\"\",\"@id\":\"\"},\"headline\":\"PROVISI\u00d3N DE PUESTO DE INTERVENTOR\/A. PROPUESTA CONTRATACI\u00d3N.\",\"datePublished\":\"2017-09-21T11:15:52+00:00\",\"mainEntityOfPage\":{\"@id\":\"http:\/\/www.ituren.eus\/kontu-hartzailearen-lanpostua-betetzea-kontratazio-proposamena\/\"},\"wordCount\":240,\"articleSection\":[\"Actualidad\",\"Noticias\"],\"inLanguage\":\"es\"},{\"@type\":\"WebPage\",\"@id\":\"http:\/\/www.ituren.eus\/kontu-hartzailearen-lanpostua-betetzea-kontratazio-proposamena\/\",\"url\":\"http:\/\/www.ituren.eus\/kontu-hartzailearen-lanpostua-betetzea-kontratazio-proposamena\/\",\"name\":\"KONTU-HARTZAILEAREN LANPOSTUA BETETZEA. KONTRATAZIO PROPOSAMENA.PROVISI\u00d3N DE PUESTO DE INTERVENTOR\/A. PROPUESTA CONTRATACI\u00d3N. - Ayuntamiento de Ituren\",\"isPartOf\":{\"@id\":\"http:\/\/www.ituren.eus\/es\/#website\"},\"datePublished\":\"2017-09-21T11:15:52+00:00\",\"author\":{\"@id\":\"\"},\"breadcrumb\":{\"@id\":\"http:\/\/www.ituren.eus\/kontu-hartzailearen-lanpostua-betetzea-kontratazio-proposamena\/#breadcrumb\"},\"inLanguage\":\"es\",\"potentialAction\":[{\"@type\":\"ReadAction\",\"target\":[\"http:\/\/www.ituren.eus\/kontu-hartzailearen-lanpostua-betetzea-kontratazio-proposamena\/\"]}]},{\"@type\":\"BreadcrumbList\",\"@id\":\"http:\/\/www.ituren.eus\/kontu-hartzailearen-lanpostua-betetzea-kontratazio-proposamena\/#breadcrumb\",\"itemListElement\":[{\"@type\":\"ListItem\",\"position\":1,\"name\":\"Portada\",\"item\":\"http:\/\/www.ituren.eus\/es\/\"},{\"@type\":\"ListItem\",\"position\":2,\"name\":\"PROVISI\u00d3N DE PUESTO DE INTERVENTOR\/A. PROPUESTA CONTRATACI\u00d3N.\"}]},{\"@type\":\"WebSite\",\"@id\":\"http:\/\/www.ituren.eus\/es\/#website\",\"url\":\"http:\/\/www.ituren.eus\/es\/\",\"name\":\"Ayuntamiento de Ituren\",\"description\":\"Ayuntamiento de Ituren\",\"potentialAction\":[{\"@type\":\"SearchAction\",\"target\":{\"@type\":\"EntryPoint\",\"urlTemplate\":\"http:\/\/www.ituren.eus\/es\/?s={search_term_string}\"},\"query-input\":{\"@type\":\"PropertyValueSpecification\",\"valueRequired\":true,\"valueName\":\"search_term_string\"}}],\"inLanguage\":\"es\"},{\"@type\":\"Person\",\"@id\":\"\",\"url\":\"http:\/\/www.ituren.eus\/es\/author\/\"}]}<\/script>\r\n<!-- \/ Yoast SEO plugin. -->","yoast_head_json":{"title":"KONTU-HARTZAILEAREN LANPOSTUA BETETZEA. KONTRATAZIO PROPOSAMENA.PROVISI\u00d3N DE PUESTO DE INTERVENTOR\/A. PROPUESTA CONTRATACI\u00d3N. - Ayuntamiento de Ituren","robots":{"index":"index","follow":"follow","max-snippet":"max-snippet:-1","max-image-preview":"max-image-preview:large","max-video-preview":"max-video-preview:-1"},"canonical":"http:\/\/www.ituren.eus\/kontu-hartzailearen-lanpostua-betetzea-kontratazio-proposamena\/","og_locale":"es_ES","og_type":"article","og_title":"KONTU-HARTZAILEAREN LANPOSTUA BETETZEA. KONTRATAZIO PROPOSAMENA.PROVISI\u00d3N DE PUESTO DE INTERVENTOR\/A. PROPUESTA CONTRATACI\u00d3N. - Ayuntamiento de Ituren","og_description":"El d\u00eda 21 de septiembre de 2017 la Sra. Presidenta de esta Agrupaci\u00f3n de Servicios dict\u00f3 la resoluci\u00f3n del tenor literal siguiente: RESOLUCI\u00d3N DE LA SRA. PRESIDENTA. N\u00ba 2017\/04. \u00a0\u00a0\u00a0\u00a0\u00a0\u00a0\u00a0\u00a0\u00a0\u00a0\u00a0 Vista el acta del Tribunal calificador con los resultados del&hellip;","og_url":"http:\/\/www.ituren.eus\/kontu-hartzailearen-lanpostua-betetzea-kontratazio-proposamena\/","og_site_name":"Ayuntamiento de Ituren","article_published_time":"2017-09-21T11:15:52+00:00","twitter_card":"summary_large_image","twitter_misc":{"Escrito por":"","Tiempo de lectura":"1 minuto"},"schema":{"@context":"https:\/\/schema.org","@graph":[{"@type":"Article","@id":"http:\/\/www.ituren.eus\/kontu-hartzailearen-lanpostua-betetzea-kontratazio-proposamena\/#article","isPartOf":{"@id":"http:\/\/www.ituren.eus\/kontu-hartzailearen-lanpostua-betetzea-kontratazio-proposamena\/"},"author":{"name":"","@id":""},"headline":"PROVISI\u00d3N DE PUESTO DE INTERVENTOR\/A. PROPUESTA CONTRATACI\u00d3N.","datePublished":"2017-09-21T11:15:52+00:00","mainEntityOfPage":{"@id":"http:\/\/www.ituren.eus\/kontu-hartzailearen-lanpostua-betetzea-kontratazio-proposamena\/"},"wordCount":240,"articleSection":["Actualidad","Noticias"],"inLanguage":"es"},{"@type":"WebPage","@id":"http:\/\/www.ituren.eus\/kontu-hartzailearen-lanpostua-betetzea-kontratazio-proposamena\/","url":"http:\/\/www.ituren.eus\/kontu-hartzailearen-lanpostua-betetzea-kontratazio-proposamena\/","name":"KONTU-HARTZAILEAREN LANPOSTUA BETETZEA. KONTRATAZIO PROPOSAMENA.PROVISI\u00d3N DE PUESTO DE INTERVENTOR\/A. PROPUESTA CONTRATACI\u00d3N. - Ayuntamiento de Ituren","isPartOf":{"@id":"http:\/\/www.ituren.eus\/es\/#website"},"datePublished":"2017-09-21T11:15:52+00:00","author":{"@id":""},"breadcrumb":{"@id":"http:\/\/www.ituren.eus\/kontu-hartzailearen-lanpostua-betetzea-kontratazio-proposamena\/#breadcrumb"},"inLanguage":"es","potentialAction":[{"@type":"ReadAction","target":["http:\/\/www.ituren.eus\/kontu-hartzailearen-lanpostua-betetzea-kontratazio-proposamena\/"]}]},{"@type":"BreadcrumbList","@id":"http:\/\/www.ituren.eus\/kontu-hartzailearen-lanpostua-betetzea-kontratazio-proposamena\/#breadcrumb","itemListElement":[{"@type":"ListItem","position":1,"name":"Portada","item":"http:\/\/www.ituren.eus\/es\/"},{"@type":"ListItem","position":2,"name":"PROVISI\u00d3N DE PUESTO DE INTERVENTOR\/A. PROPUESTA CONTRATACI\u00d3N."}]},{"@type":"WebSite","@id":"http:\/\/www.ituren.eus\/es\/#website","url":"http:\/\/www.ituren.eus\/es\/","name":"Ayuntamiento de Ituren","description":"Ayuntamiento de Ituren","potentialAction":[{"@type":"SearchAction","target":{"@type":"EntryPoint","urlTemplate":"http:\/\/www.ituren.eus\/es\/?s={search_term_string}"},"query-input":{"@type":"PropertyValueSpecification","valueRequired":true,"valueName":"search_term_string"}}],"inLanguage":"es"},{"@type":"Person","@id":"","url":"http:\/\/www.ituren.eus\/es\/author\/"}]}},"_links":{"self":[{"href":"http:\/\/www.ituren.eus\/es\/wp-json\/wp\/v2\/posts\/7363","targetHints":{"allow":["GET"]}}],"collection":[{"href":"http:\/\/www.ituren.eus\/es\/wp-json\/wp\/v2\/posts"}],"about":[{"href":"http:\/\/www.ituren.eus\/es\/wp-json\/wp\/v2\/types\/post"}],"author":[{"embeddable":true,"href":"http:\/\/www.ituren.eus\/es\/wp-json\/wp\/v2\/users\/103"}],"replies":[{"embeddable":true,"href":"http:\/\/www.ituren.eus\/es\/wp-json\/wp\/v2\/comments?post=7363"}],"version-history":[{"count":0,"href":"http:\/\/www.ituren.eus\/es\/wp-json\/wp\/v2\/posts\/7363\/revisions"}],"wp:attachment":[{"href":"http:\/\/www.ituren.eus\/es\/wp-json\/wp\/v2\/media?parent=7363"}],"wp:term":[{"taxonomy":"category","embeddable":true,"href":"http:\/\/www.ituren.eus\/es\/wp-json\/wp\/v2\/categories?post=7363"},{"taxonomy":"post_tag","embeddable":true,"href":"http:\/\/www.ituren.eus\/es\/wp-json\/wp\/v2\/tags?post=7363"}],"curies":[{"name":"wp","href":"https:\/\/api.w.org\/{rel}","templated":true}]}}