{"id":7656,"date":"2018-08-07T13:50:54","date_gmt":"2018-08-07T11:50:54","guid":{"rendered":"http:\/\/www.ituren.eus\/?p=7656"},"modified":"2018-08-07T13:50:54","modified_gmt":"2018-08-07T11:50:54","slug":"osoko-bilkura-2018ko-uztailaren-6ko-akta","status":"publish","type":"post","link":"http:\/\/www.ituren.eus\/es\/osoko-bilkura-2018ko-uztailaren-6ko-akta\/","title":{"rendered":"Pleno. Acta de 6 de julio de 2018."},"content":{"rendered":"<p>NOTA. La difusi\u00f3n de las actas municipales contenidas en este blog tiene como exclusiva finalidad el cumplimiento del principio de publicidad y de participaci\u00f3n ciudadana contenido en la legislaci\u00f3n de r\u00e9gimen local. <a href=\"http:\/\/www.ituren.eus\/wp-content\/uploads\/sites\/84\/2018\/08\/EXTRACTO06072018.pdf\" class=\"mtli_attachment mtli_pdf\" target=\"_blank\" rel=\"noopener\">EXTRACTO<\/a><\/p>","protected":false},"excerpt":{"rendered":"<p>NOTA. La difusi\u00f3n de las actas municipales contenidas en este blog tiene como exclusiva finalidad el cumplimiento del principio de publicidad y de participaci\u00f3n ciudadana contenido en la legislaci\u00f3n de r\u00e9gimen local. EXTRACTO<\/p>\n","protected":false},"author":259,"featured_media":0,"comment_status":"closed","ping_status":"closed","sticky":false,"template":"","format":"standard","meta":{"_monsterinsights_skip_tracking":false,"_monsterinsights_sitenote_active":false,"_monsterinsights_sitenote_note":"","_monsterinsights_sitenote_category":0,"footnotes":""},"categories":[15,4,7],"tags":[],"class_list":["post-7656","post","type-post","status-publish","format-standard","hentry","category-2018ko-aktak-actas-pleno-2018","category-actualidad","category-noticias"],"yoast_head":"<!-- This site is optimized with the Yoast SEO plugin v26.8 - https:\/\/yoast.com\/product\/yoast-seo-wordpress\/ -->\r\n<title>Pleno. Acta de 6 de julio de 2018. - Ayuntamiento de Ituren<\/title>\r\n<meta name=\"robots\" content=\"index, follow, max-snippet:-1, max-image-preview:large, max-video-preview:-1\" \/>\r\n<link rel=\"canonical\" href=\"http:\/\/www.ituren.eus\/es\/osoko-bilkura-2018ko-uztailaren-6ko-akta\/\" \/>\r\n<meta property=\"og:locale\" content=\"es_ES\" \/>\r\n<meta property=\"og:type\" content=\"article\" \/>\r\n<meta property=\"og:title\" content=\"[:eu]Osoko Bilkura. 2018ko uztailaren 6ko akta.[:es]Pleno. Acta de 6 de julio de 2018.[:] - Ayuntamiento de Ituren\" \/>\r\n<meta property=\"og:description\" content=\"NOTA. La difusi\u00f3n de las actas municipales contenidas en este blog tiene como exclusiva finalidad el cumplimiento del principio de publicidad y de participaci\u00f3n ciudadana contenido en la legislaci\u00f3n de r\u00e9gimen local. EXTRACTO\" \/>\r\n<meta property=\"og:url\" content=\"http:\/\/www.ituren.eus\/es\/osoko-bilkura-2018ko-uztailaren-6ko-akta\/\" \/>\r\n<meta property=\"og:site_name\" content=\"Ayuntamiento de Ituren\" \/>\r\n<meta property=\"article:published_time\" content=\"2018-08-07T11:50:54+00:00\" \/>\r\n<meta name=\"author\" content=\"iturenudala\" \/>\r\n<meta name=\"twitter:card\" content=\"summary_large_image\" \/>\r\n<meta name=\"twitter:label1\" content=\"Escrito por\" \/>\n\t<meta name=\"twitter:data1\" content=\"iturenudala\" \/>\r\n<script type=\"application\/ld+json\" class=\"yoast-schema-graph\">{\"@context\":\"https:\/\/schema.org\",\"@graph\":[{\"@type\":\"Article\",\"@id\":\"http:\/\/www.ituren.eus\/es\/osoko-bilkura-2018ko-uztailaren-6ko-akta\/#article\",\"isPartOf\":{\"@id\":\"http:\/\/www.ituren.eus\/es\/osoko-bilkura-2018ko-uztailaren-6ko-akta\/\"},\"author\":{\"name\":\"iturenudala\",\"@id\":\"http:\/\/www.ituren.eus\/es\/#\/schema\/person\/4d66c12839d706916abaa8f0062537ae\"},\"headline\":\"Pleno. Acta de 6 de julio de 2018.\",\"datePublished\":\"2018-08-07T11:50:54+00:00\",\"mainEntityOfPage\":{\"@id\":\"http:\/\/www.ituren.eus\/es\/osoko-bilkura-2018ko-uztailaren-6ko-akta\/\"},\"wordCount\":76,\"articleSection\":[\"2018ko aktak \/ Actas Pleno 2018\",\"Actualidad\",\"Noticias\"],\"inLanguage\":\"es\"},{\"@type\":\"WebPage\",\"@id\":\"http:\/\/www.ituren.eus\/es\/osoko-bilkura-2018ko-uztailaren-6ko-akta\/\",\"url\":\"http:\/\/www.ituren.eus\/es\/osoko-bilkura-2018ko-uztailaren-6ko-akta\/\",\"name\":\"[:eu]Osoko Bilkura. 2018ko uztailaren 6ko akta.[:es]Pleno. Acta de 6 de julio de 2018.[:] - Ayuntamiento de Ituren\",\"isPartOf\":{\"@id\":\"http:\/\/www.ituren.eus\/es\/#website\"},\"datePublished\":\"2018-08-07T11:50:54+00:00\",\"author\":{\"@id\":\"http:\/\/www.ituren.eus\/es\/#\/schema\/person\/4d66c12839d706916abaa8f0062537ae\"},\"breadcrumb\":{\"@id\":\"http:\/\/www.ituren.eus\/es\/osoko-bilkura-2018ko-uztailaren-6ko-akta\/#breadcrumb\"},\"inLanguage\":\"es\",\"potentialAction\":[{\"@type\":\"ReadAction\",\"target\":[\"http:\/\/www.ituren.eus\/es\/osoko-bilkura-2018ko-uztailaren-6ko-akta\/\"]}]},{\"@type\":\"BreadcrumbList\",\"@id\":\"http:\/\/www.ituren.eus\/es\/osoko-bilkura-2018ko-uztailaren-6ko-akta\/#breadcrumb\",\"itemListElement\":[{\"@type\":\"ListItem\",\"position\":1,\"name\":\"Portada\",\"item\":\"http:\/\/www.ituren.eus\/es\/\"},{\"@type\":\"ListItem\",\"position\":2,\"name\":\"Pleno. Acta de 6 de julio de 2018.\"}]},{\"@type\":\"WebSite\",\"@id\":\"http:\/\/www.ituren.eus\/es\/#website\",\"url\":\"http:\/\/www.ituren.eus\/es\/\",\"name\":\"Ayuntamiento de Ituren\",\"description\":\"Ayuntamiento de Ituren\",\"potentialAction\":[{\"@type\":\"SearchAction\",\"target\":{\"@type\":\"EntryPoint\",\"urlTemplate\":\"http:\/\/www.ituren.eus\/es\/?s={search_term_string}\"},\"query-input\":{\"@type\":\"PropertyValueSpecification\",\"valueRequired\":true,\"valueName\":\"search_term_string\"}}],\"inLanguage\":\"es\"},{\"@type\":\"Person\",\"@id\":\"http:\/\/www.ituren.eus\/es\/#\/schema\/person\/4d66c12839d706916abaa8f0062537ae\",\"name\":\"iturenudala\",\"image\":{\"@type\":\"ImageObject\",\"inLanguage\":\"es\",\"@id\":\"http:\/\/www.ituren.eus\/es\/#\/schema\/person\/image\/\",\"url\":\"https:\/\/secure.gravatar.com\/avatar\/4e30601340330427e0d7c57bcce3a70cc8ec761634b2069b7b46900b949dedf6?s=96&d=mm&r=g\",\"contentUrl\":\"https:\/\/secure.gravatar.com\/avatar\/4e30601340330427e0d7c57bcce3a70cc8ec761634b2069b7b46900b949dedf6?s=96&d=mm&r=g\",\"caption\":\"iturenudala\"},\"url\":\"http:\/\/www.ituren.eus\/es\/author\/iturenudala\/\"}]}<\/script>\r\n<!-- \/ Yoast SEO plugin. -->","yoast_head_json":{"title":"[:eu]Osoko Bilkura. 2018ko uztailaren 6ko akta.[:es]Pleno. Acta de 6 de julio de 2018.[:] - Ayuntamiento de Ituren","robots":{"index":"index","follow":"follow","max-snippet":"max-snippet:-1","max-image-preview":"max-image-preview:large","max-video-preview":"max-video-preview:-1"},"canonical":"http:\/\/www.ituren.eus\/es\/osoko-bilkura-2018ko-uztailaren-6ko-akta\/","og_locale":"es_ES","og_type":"article","og_title":"[:eu]Osoko Bilkura. 2018ko uztailaren 6ko akta.[:es]Pleno. Acta de 6 de julio de 2018.[:] - Ayuntamiento de Ituren","og_description":"NOTA. La difusi\u00f3n de las actas municipales contenidas en este blog tiene como exclusiva finalidad el cumplimiento del principio de publicidad y de participaci\u00f3n ciudadana contenido en la legislaci\u00f3n de r\u00e9gimen local. EXTRACTO","og_url":"http:\/\/www.ituren.eus\/es\/osoko-bilkura-2018ko-uztailaren-6ko-akta\/","og_site_name":"Ayuntamiento de Ituren","article_published_time":"2018-08-07T11:50:54+00:00","author":"iturenudala","twitter_card":"summary_large_image","twitter_misc":{"Escrito por":"iturenudala"},"schema":{"@context":"https:\/\/schema.org","@graph":[{"@type":"Article","@id":"http:\/\/www.ituren.eus\/es\/osoko-bilkura-2018ko-uztailaren-6ko-akta\/#article","isPartOf":{"@id":"http:\/\/www.ituren.eus\/es\/osoko-bilkura-2018ko-uztailaren-6ko-akta\/"},"author":{"name":"iturenudala","@id":"http:\/\/www.ituren.eus\/es\/#\/schema\/person\/4d66c12839d706916abaa8f0062537ae"},"headline":"Pleno. Acta de 6 de julio de 2018.","datePublished":"2018-08-07T11:50:54+00:00","mainEntityOfPage":{"@id":"http:\/\/www.ituren.eus\/es\/osoko-bilkura-2018ko-uztailaren-6ko-akta\/"},"wordCount":76,"articleSection":["2018ko aktak \/ Actas Pleno 2018","Actualidad","Noticias"],"inLanguage":"es"},{"@type":"WebPage","@id":"http:\/\/www.ituren.eus\/es\/osoko-bilkura-2018ko-uztailaren-6ko-akta\/","url":"http:\/\/www.ituren.eus\/es\/osoko-bilkura-2018ko-uztailaren-6ko-akta\/","name":"[:eu]Osoko Bilkura. 2018ko uztailaren 6ko akta.[:es]Pleno. Acta de 6 de julio de 2018.[:] - Ayuntamiento de Ituren","isPartOf":{"@id":"http:\/\/www.ituren.eus\/es\/#website"},"datePublished":"2018-08-07T11:50:54+00:00","author":{"@id":"http:\/\/www.ituren.eus\/es\/#\/schema\/person\/4d66c12839d706916abaa8f0062537ae"},"breadcrumb":{"@id":"http:\/\/www.ituren.eus\/es\/osoko-bilkura-2018ko-uztailaren-6ko-akta\/#breadcrumb"},"inLanguage":"es","potentialAction":[{"@type":"ReadAction","target":["http:\/\/www.ituren.eus\/es\/osoko-bilkura-2018ko-uztailaren-6ko-akta\/"]}]},{"@type":"BreadcrumbList","@id":"http:\/\/www.ituren.eus\/es\/osoko-bilkura-2018ko-uztailaren-6ko-akta\/#breadcrumb","itemListElement":[{"@type":"ListItem","position":1,"name":"Portada","item":"http:\/\/www.ituren.eus\/es\/"},{"@type":"ListItem","position":2,"name":"Pleno. Acta de 6 de julio de 2018."}]},{"@type":"WebSite","@id":"http:\/\/www.ituren.eus\/es\/#website","url":"http:\/\/www.ituren.eus\/es\/","name":"Ayuntamiento de Ituren","description":"Ayuntamiento de Ituren","potentialAction":[{"@type":"SearchAction","target":{"@type":"EntryPoint","urlTemplate":"http:\/\/www.ituren.eus\/es\/?s={search_term_string}"},"query-input":{"@type":"PropertyValueSpecification","valueRequired":true,"valueName":"search_term_string"}}],"inLanguage":"es"},{"@type":"Person","@id":"http:\/\/www.ituren.eus\/es\/#\/schema\/person\/4d66c12839d706916abaa8f0062537ae","name":"iturenudala","image":{"@type":"ImageObject","inLanguage":"es","@id":"http:\/\/www.ituren.eus\/es\/#\/schema\/person\/image\/","url":"https:\/\/secure.gravatar.com\/avatar\/4e30601340330427e0d7c57bcce3a70cc8ec761634b2069b7b46900b949dedf6?s=96&d=mm&r=g","contentUrl":"https:\/\/secure.gravatar.com\/avatar\/4e30601340330427e0d7c57bcce3a70cc8ec761634b2069b7b46900b949dedf6?s=96&d=mm&r=g","caption":"iturenudala"},"url":"http:\/\/www.ituren.eus\/es\/author\/iturenudala\/"}]}},"_links":{"self":[{"href":"http:\/\/www.ituren.eus\/es\/wp-json\/wp\/v2\/posts\/7656","targetHints":{"allow":["GET"]}}],"collection":[{"href":"http:\/\/www.ituren.eus\/es\/wp-json\/wp\/v2\/posts"}],"about":[{"href":"http:\/\/www.ituren.eus\/es\/wp-json\/wp\/v2\/types\/post"}],"author":[{"embeddable":true,"href":"http:\/\/www.ituren.eus\/es\/wp-json\/wp\/v2\/users\/259"}],"replies":[{"embeddable":true,"href":"http:\/\/www.ituren.eus\/es\/wp-json\/wp\/v2\/comments?post=7656"}],"version-history":[{"count":1,"href":"http:\/\/www.ituren.eus\/es\/wp-json\/wp\/v2\/posts\/7656\/revisions"}],"predecessor-version":[{"id":7657,"href":"http:\/\/www.ituren.eus\/es\/wp-json\/wp\/v2\/posts\/7656\/revisions\/7657"}],"wp:attachment":[{"href":"http:\/\/www.ituren.eus\/es\/wp-json\/wp\/v2\/media?parent=7656"}],"wp:term":[{"taxonomy":"category","embeddable":true,"href":"http:\/\/www.ituren.eus\/es\/wp-json\/wp\/v2\/categories?post=7656"},{"taxonomy":"post_tag","embeddable":true,"href":"http:\/\/www.ituren.eus\/es\/wp-json\/wp\/v2\/tags?post=7656"}],"curies":[{"name":"wp","href":"https:\/\/api.w.org\/{rel}","templated":true}]}}