{"id":8282,"date":"2018-11-30T19:30:58","date_gmt":"2018-11-30T18:30:58","guid":{"rendered":"http:\/\/www.ituren.eus\/?p=8282"},"modified":"2018-11-30T19:31:48","modified_gmt":"2018-11-30T18:31:48","slug":"castellano-informacion-bono-social-electrico-ampliacion-del-plazo-de-renovacion","status":"publish","type":"post","link":"http:\/\/www.ituren.eus\/es\/castellano-informacion-bono-social-electrico-ampliacion-del-plazo-de-renovacion\/","title":{"rendered":"Informaci\u00f3n Bono social el\u00e9ctrico. Ampliaci\u00f3n del plazo de renovaci\u00f3n"},"content":{"rendered":"<p><\/p>\n<div class=\"gmail_quote\">\n<blockquote class=\"gmail_quote\" style=\"padding-left: 1ex;border-left: #ccc 1px solid;margin: 0px 0px 0px 0.8ex\">\n<div>\n<div dir=\"ltr\">\n<div dir=\"ltr\">\n<div>\n<div>El plazo del Bono social el\u00e9ctrico\u00a0<b><u>se ampl\u00eda hasta el 31 de diciembre de 2018\u00a0<\/u><\/b>con motivo del Bono Social t\u00e9rmico (Bono social de\u00a0gas natural), una propuesta que beneficiar\u00e1 a todas aquellas personas que obtengan el Bono social el\u00e9ctrico.<\/div>\n<div>Los descuentos se aplican en factura y el Gobierno quiere eliminar la pobreza energ\u00e9tica mediante estos bonos ayuda.<\/div>\n<div>Desde un 25% hasta un 40% en el consumo el\u00e9ctrico y hasta un 100% en casos de riesgo de exclusi\u00f3n social.<\/div>\n<div>Quiere que los usuarios de\u00a0<a title=\"blocked::https:\/\/bombonabutano.com\/info\/utilizar-gas-butano\" href=\"https:\/\/bombonabutano.com\/info\/utilizar-gas-butano\" target=\"_blank\" rel=\"noopener\">bombonas de butano<\/a>\u00a0o tengan\u00a0<a title=\"blocked::https:\/\/propanogas.com\/canalizado\" href=\"https:\/\/propanogas.com\/canalizado\" target=\"_blank\" rel=\"noopener\">dep\u00f3sito de propano canalizado<\/a>\u00a0tambi\u00e9n se beneficien de esta ayuda sin necesidad de hacer una instalaci\u00f3n de gas natural.<\/div>\n<div>Si no tienes el Bono social de luz, no puedes optar al Bono social de gas.<\/div>\n<div><\/div>\n<div>M\u00e1s informaci\u00f3n:<\/div>\n<div><a title=\"blocked::https:\/\/civio.es\/el-boe-nuestro-de-cada-dia\/2018\/10\/06\/el-bono-social-termico-dependera-de-los-presupuestos-y-no-se-pagara-hasta-despues-del-invierno\/\" href=\"https:\/\/civio.es\/el-boe-nuestro-de-cada-dia\/2018\/10\/06\/el-bono-social-termico-dependera-de-los-presupuestos-y-no-se-pagara-hasta-despues-del-invierno\/\" target=\"_blank\" rel=\"noopener\">bonosocial.gob.es<\/a><\/div>\n<div>Bono social Iberdrola\u00a0<a title=\"blocked::https:\/\/preciogas.com\/companias\/iberdrola#bono-social-iberdrola\" href=\"https:\/\/preciogas.com\/companias\/iberdrola#bono-social-iberdrola\" target=\"_blank\" rel=\"noopener\">https:\/\/preciogas.com\/companias\/iberdrola#bono-social-iberdrola<\/a><\/div>\n<\/div>\n<\/div>\n<\/div>\n<\/div>\n<\/blockquote>\n<\/div>\n<p><\/p>","protected":false},"excerpt":{"rendered":"<p>El plazo del Bono social el\u00e9ctrico\u00a0se ampl\u00eda hasta el 31 de diciembre de 2018\u00a0con motivo del Bono Social t\u00e9rmico (Bono social de\u00a0gas natural), una propuesta que beneficiar\u00e1 a todas aquellas personas que obtengan el Bono social el\u00e9ctrico. Los descuentos se&hellip; <\/p>\n","protected":false},"author":259,"featured_media":0,"comment_status":"closed","ping_status":"closed","sticky":false,"template":"","format":"standard","meta":{"_monsterinsights_skip_tracking":false,"_monsterinsights_sitenote_active":false,"_monsterinsights_sitenote_note":"","_monsterinsights_sitenote_category":0,"footnotes":""},"categories":[7],"tags":[],"class_list":["post-8282","post","type-post","status-publish","format-standard","hentry","category-noticias"],"yoast_head":"<!-- This site is optimized with the Yoast SEO plugin v26.8 - https:\/\/yoast.com\/product\/yoast-seo-wordpress\/ -->\r\n<title>Informaci\u00f3n Bono social el\u00e9ctrico. Ampliaci\u00f3n del plazo de renovaci\u00f3n - Ayuntamiento de Ituren<\/title>\r\n<meta name=\"robots\" content=\"index, follow, max-snippet:-1, max-image-preview:large, max-video-preview:-1\" \/>\r\n<link rel=\"canonical\" href=\"http:\/\/www.ituren.eus\/castellano-informacion-bono-social-electrico-ampliacion-del-plazo-de-renovacion\/\" \/>\r\n<meta property=\"og:locale\" content=\"es_ES\" \/>\r\n<meta property=\"og:type\" content=\"article\" \/>\r\n<meta property=\"og:title\" content=\"[:eu]GIZARTE BONU SOZIALA BERRITZEKO EPEAREN LUZAPENA[:es]Informaci\u00f3n Bono social el\u00e9ctrico. Ampliaci\u00f3n del plazo de renovaci\u00f3n[:] - Ayuntamiento de Ituren\" \/>\r\n<meta property=\"og:description\" content=\"El plazo del Bono social el\u00e9ctrico\u00a0se ampl\u00eda hasta el 31 de diciembre de 2018\u00a0con motivo del Bono Social t\u00e9rmico (Bono social de\u00a0gas natural), una propuesta que beneficiar\u00e1 a todas aquellas personas que obtengan el Bono social el\u00e9ctrico. Los descuentos se&hellip;\" \/>\r\n<meta property=\"og:url\" content=\"http:\/\/www.ituren.eus\/castellano-informacion-bono-social-electrico-ampliacion-del-plazo-de-renovacion\/\" \/>\r\n<meta property=\"og:site_name\" content=\"Ayuntamiento de Ituren\" \/>\r\n<meta property=\"article:published_time\" content=\"2018-11-30T18:30:58+00:00\" \/>\r\n<meta property=\"article:modified_time\" content=\"2018-11-30T18:31:48+00:00\" \/>\r\n<meta name=\"author\" content=\"iturenudala\" \/>\r\n<meta name=\"twitter:card\" content=\"summary_large_image\" \/>\r\n<meta name=\"twitter:label1\" content=\"Escrito por\" \/>\n\t<meta name=\"twitter:data1\" content=\"iturenudala\" \/>\n\t<meta name=\"twitter:label2\" content=\"Tiempo de lectura\" \/>\n\t<meta name=\"twitter:data2\" content=\"1 minuto\" \/>\r\n<script type=\"application\/ld+json\" class=\"yoast-schema-graph\">{\"@context\":\"https:\/\/schema.org\",\"@graph\":[{\"@type\":\"Article\",\"@id\":\"http:\/\/www.ituren.eus\/castellano-informacion-bono-social-electrico-ampliacion-del-plazo-de-renovacion\/#article\",\"isPartOf\":{\"@id\":\"http:\/\/www.ituren.eus\/castellano-informacion-bono-social-electrico-ampliacion-del-plazo-de-renovacion\/\"},\"author\":{\"name\":\"iturenudala\",\"@id\":\"http:\/\/www.ituren.eus\/es\/#\/schema\/person\/4d66c12839d706916abaa8f0062537ae\"},\"headline\":\"Informaci\u00f3n Bono social el\u00e9ctrico. Ampliaci\u00f3n del plazo de renovaci\u00f3n\",\"datePublished\":\"2018-11-30T18:30:58+00:00\",\"dateModified\":\"2018-11-30T18:31:48+00:00\",\"mainEntityOfPage\":{\"@id\":\"http:\/\/www.ituren.eus\/castellano-informacion-bono-social-electrico-ampliacion-del-plazo-de-renovacion\/\"},\"wordCount\":263,\"articleSection\":[\"Noticias\"],\"inLanguage\":\"es\"},{\"@type\":\"WebPage\",\"@id\":\"http:\/\/www.ituren.eus\/castellano-informacion-bono-social-electrico-ampliacion-del-plazo-de-renovacion\/\",\"url\":\"http:\/\/www.ituren.eus\/castellano-informacion-bono-social-electrico-ampliacion-del-plazo-de-renovacion\/\",\"name\":\"[:eu]GIZARTE BONU SOZIALA BERRITZEKO EPEAREN LUZAPENA[:es]Informaci\u00f3n Bono social el\u00e9ctrico. Ampliaci\u00f3n del plazo de renovaci\u00f3n[:] - Ayuntamiento de Ituren\",\"isPartOf\":{\"@id\":\"http:\/\/www.ituren.eus\/es\/#website\"},\"datePublished\":\"2018-11-30T18:30:58+00:00\",\"dateModified\":\"2018-11-30T18:31:48+00:00\",\"author\":{\"@id\":\"http:\/\/www.ituren.eus\/es\/#\/schema\/person\/4d66c12839d706916abaa8f0062537ae\"},\"breadcrumb\":{\"@id\":\"http:\/\/www.ituren.eus\/castellano-informacion-bono-social-electrico-ampliacion-del-plazo-de-renovacion\/#breadcrumb\"},\"inLanguage\":\"es\",\"potentialAction\":[{\"@type\":\"ReadAction\",\"target\":[\"http:\/\/www.ituren.eus\/castellano-informacion-bono-social-electrico-ampliacion-del-plazo-de-renovacion\/\"]}]},{\"@type\":\"BreadcrumbList\",\"@id\":\"http:\/\/www.ituren.eus\/castellano-informacion-bono-social-electrico-ampliacion-del-plazo-de-renovacion\/#breadcrumb\",\"itemListElement\":[{\"@type\":\"ListItem\",\"position\":1,\"name\":\"Portada\",\"item\":\"http:\/\/www.ituren.eus\/es\/\"},{\"@type\":\"ListItem\",\"position\":2,\"name\":\"GIZARTE BONU SOZIALA BERRITZEKO EPEAREN LUZAPENA\"}]},{\"@type\":\"WebSite\",\"@id\":\"http:\/\/www.ituren.eus\/es\/#website\",\"url\":\"http:\/\/www.ituren.eus\/es\/\",\"name\":\"Ayuntamiento de Ituren\",\"description\":\"Ayuntamiento de Ituren\",\"potentialAction\":[{\"@type\":\"SearchAction\",\"target\":{\"@type\":\"EntryPoint\",\"urlTemplate\":\"http:\/\/www.ituren.eus\/es\/?s={search_term_string}\"},\"query-input\":{\"@type\":\"PropertyValueSpecification\",\"valueRequired\":true,\"valueName\":\"search_term_string\"}}],\"inLanguage\":\"es\"},{\"@type\":\"Person\",\"@id\":\"http:\/\/www.ituren.eus\/es\/#\/schema\/person\/4d66c12839d706916abaa8f0062537ae\",\"name\":\"iturenudala\",\"image\":{\"@type\":\"ImageObject\",\"inLanguage\":\"es\",\"@id\":\"http:\/\/www.ituren.eus\/es\/#\/schema\/person\/image\/\",\"url\":\"https:\/\/secure.gravatar.com\/avatar\/4e30601340330427e0d7c57bcce3a70cc8ec761634b2069b7b46900b949dedf6?s=96&d=mm&r=g\",\"contentUrl\":\"https:\/\/secure.gravatar.com\/avatar\/4e30601340330427e0d7c57bcce3a70cc8ec761634b2069b7b46900b949dedf6?s=96&d=mm&r=g\",\"caption\":\"iturenudala\"},\"url\":\"http:\/\/www.ituren.eus\/es\/author\/iturenudala\/\"}]}<\/script>\r\n<!-- \/ Yoast SEO plugin. -->","yoast_head_json":{"title":"[:eu]GIZARTE BONU SOZIALA BERRITZEKO EPEAREN LUZAPENA[:es]Informaci\u00f3n Bono social el\u00e9ctrico. Ampliaci\u00f3n del plazo de renovaci\u00f3n[:] - Ayuntamiento de Ituren","robots":{"index":"index","follow":"follow","max-snippet":"max-snippet:-1","max-image-preview":"max-image-preview:large","max-video-preview":"max-video-preview:-1"},"canonical":"http:\/\/www.ituren.eus\/castellano-informacion-bono-social-electrico-ampliacion-del-plazo-de-renovacion\/","og_locale":"es_ES","og_type":"article","og_title":"[:eu]GIZARTE BONU SOZIALA BERRITZEKO EPEAREN LUZAPENA[:es]Informaci\u00f3n Bono social el\u00e9ctrico. Ampliaci\u00f3n del plazo de renovaci\u00f3n[:] - Ayuntamiento de Ituren","og_description":"El plazo del Bono social el\u00e9ctrico\u00a0se ampl\u00eda hasta el 31 de diciembre de 2018\u00a0con motivo del Bono Social t\u00e9rmico (Bono social de\u00a0gas natural), una propuesta que beneficiar\u00e1 a todas aquellas personas que obtengan el Bono social el\u00e9ctrico. Los descuentos se&hellip;","og_url":"http:\/\/www.ituren.eus\/castellano-informacion-bono-social-electrico-ampliacion-del-plazo-de-renovacion\/","og_site_name":"Ayuntamiento de Ituren","article_published_time":"2018-11-30T18:30:58+00:00","article_modified_time":"2018-11-30T18:31:48+00:00","author":"iturenudala","twitter_card":"summary_large_image","twitter_misc":{"Escrito por":"iturenudala","Tiempo de lectura":"1 minuto"},"schema":{"@context":"https:\/\/schema.org","@graph":[{"@type":"Article","@id":"http:\/\/www.ituren.eus\/castellano-informacion-bono-social-electrico-ampliacion-del-plazo-de-renovacion\/#article","isPartOf":{"@id":"http:\/\/www.ituren.eus\/castellano-informacion-bono-social-electrico-ampliacion-del-plazo-de-renovacion\/"},"author":{"name":"iturenudala","@id":"http:\/\/www.ituren.eus\/es\/#\/schema\/person\/4d66c12839d706916abaa8f0062537ae"},"headline":"Informaci\u00f3n Bono social el\u00e9ctrico. Ampliaci\u00f3n del plazo de renovaci\u00f3n","datePublished":"2018-11-30T18:30:58+00:00","dateModified":"2018-11-30T18:31:48+00:00","mainEntityOfPage":{"@id":"http:\/\/www.ituren.eus\/castellano-informacion-bono-social-electrico-ampliacion-del-plazo-de-renovacion\/"},"wordCount":263,"articleSection":["Noticias"],"inLanguage":"es"},{"@type":"WebPage","@id":"http:\/\/www.ituren.eus\/castellano-informacion-bono-social-electrico-ampliacion-del-plazo-de-renovacion\/","url":"http:\/\/www.ituren.eus\/castellano-informacion-bono-social-electrico-ampliacion-del-plazo-de-renovacion\/","name":"[:eu]GIZARTE BONU SOZIALA BERRITZEKO EPEAREN LUZAPENA[:es]Informaci\u00f3n Bono social el\u00e9ctrico. Ampliaci\u00f3n del plazo de renovaci\u00f3n[:] - Ayuntamiento de Ituren","isPartOf":{"@id":"http:\/\/www.ituren.eus\/es\/#website"},"datePublished":"2018-11-30T18:30:58+00:00","dateModified":"2018-11-30T18:31:48+00:00","author":{"@id":"http:\/\/www.ituren.eus\/es\/#\/schema\/person\/4d66c12839d706916abaa8f0062537ae"},"breadcrumb":{"@id":"http:\/\/www.ituren.eus\/castellano-informacion-bono-social-electrico-ampliacion-del-plazo-de-renovacion\/#breadcrumb"},"inLanguage":"es","potentialAction":[{"@type":"ReadAction","target":["http:\/\/www.ituren.eus\/castellano-informacion-bono-social-electrico-ampliacion-del-plazo-de-renovacion\/"]}]},{"@type":"BreadcrumbList","@id":"http:\/\/www.ituren.eus\/castellano-informacion-bono-social-electrico-ampliacion-del-plazo-de-renovacion\/#breadcrumb","itemListElement":[{"@type":"ListItem","position":1,"name":"Portada","item":"http:\/\/www.ituren.eus\/es\/"},{"@type":"ListItem","position":2,"name":"GIZARTE BONU SOZIALA BERRITZEKO EPEAREN LUZAPENA"}]},{"@type":"WebSite","@id":"http:\/\/www.ituren.eus\/es\/#website","url":"http:\/\/www.ituren.eus\/es\/","name":"Ayuntamiento de Ituren","description":"Ayuntamiento de Ituren","potentialAction":[{"@type":"SearchAction","target":{"@type":"EntryPoint","urlTemplate":"http:\/\/www.ituren.eus\/es\/?s={search_term_string}"},"query-input":{"@type":"PropertyValueSpecification","valueRequired":true,"valueName":"search_term_string"}}],"inLanguage":"es"},{"@type":"Person","@id":"http:\/\/www.ituren.eus\/es\/#\/schema\/person\/4d66c12839d706916abaa8f0062537ae","name":"iturenudala","image":{"@type":"ImageObject","inLanguage":"es","@id":"http:\/\/www.ituren.eus\/es\/#\/schema\/person\/image\/","url":"https:\/\/secure.gravatar.com\/avatar\/4e30601340330427e0d7c57bcce3a70cc8ec761634b2069b7b46900b949dedf6?s=96&d=mm&r=g","contentUrl":"https:\/\/secure.gravatar.com\/avatar\/4e30601340330427e0d7c57bcce3a70cc8ec761634b2069b7b46900b949dedf6?s=96&d=mm&r=g","caption":"iturenudala"},"url":"http:\/\/www.ituren.eus\/es\/author\/iturenudala\/"}]}},"_links":{"self":[{"href":"http:\/\/www.ituren.eus\/es\/wp-json\/wp\/v2\/posts\/8282","targetHints":{"allow":["GET"]}}],"collection":[{"href":"http:\/\/www.ituren.eus\/es\/wp-json\/wp\/v2\/posts"}],"about":[{"href":"http:\/\/www.ituren.eus\/es\/wp-json\/wp\/v2\/types\/post"}],"author":[{"embeddable":true,"href":"http:\/\/www.ituren.eus\/es\/wp-json\/wp\/v2\/users\/259"}],"replies":[{"embeddable":true,"href":"http:\/\/www.ituren.eus\/es\/wp-json\/wp\/v2\/comments?post=8282"}],"version-history":[{"count":2,"href":"http:\/\/www.ituren.eus\/es\/wp-json\/wp\/v2\/posts\/8282\/revisions"}],"predecessor-version":[{"id":8284,"href":"http:\/\/www.ituren.eus\/es\/wp-json\/wp\/v2\/posts\/8282\/revisions\/8284"}],"wp:attachment":[{"href":"http:\/\/www.ituren.eus\/es\/wp-json\/wp\/v2\/media?parent=8282"}],"wp:term":[{"taxonomy":"category","embeddable":true,"href":"http:\/\/www.ituren.eus\/es\/wp-json\/wp\/v2\/categories?post=8282"},{"taxonomy":"post_tag","embeddable":true,"href":"http:\/\/www.ituren.eus\/es\/wp-json\/wp\/v2\/tags?post=8282"}],"curies":[{"name":"wp","href":"https:\/\/api.w.org\/{rel}","templated":true}]}}