{"id":8860,"date":"2019-02-04T12:10:02","date_gmt":"2019-02-04T11:10:02","guid":{"rendered":"http:\/\/www.ituren.eus\/?p=8860"},"modified":"2019-02-04T12:10:02","modified_gmt":"2019-02-04T11:10:02","slug":"gizarte-bono-termikoa","status":"publish","type":"post","link":"http:\/\/www.ituren.eus\/es\/gizarte-bono-termikoa\/","title":{"rendered":"Bono Social T\u00e9rmico."},"content":{"rendered":"<p><\/p>\n<div><b><u>El nuevo Bono social t\u00e9rmico (Bono social gas natural)<\/u><\/b><\/div>\n<div><\/div>\n<div>El pasado 31 de diciembre de 2018, finaliz\u00f3 el plazo de renovaci\u00f3n para el <a title=\"blocked::https:\/\/selectra.es\/energia\/info\/bono-social\" href=\"https:\/\/selectra.es\/energia\/info\/bono-social\">Bono social el\u00e9ctrico<\/a>. Lo usuarios que no lo gestionaron, tienen que hacer una nueva solicitud presentando la documentaci\u00f3n correspondiente.<\/div>\n<div><\/div>\n<div>A su vez,\u00a0<b>el 1 de enero de 2019 entr\u00f3 en vigor el Bono social t\u00e9rmico<\/b>, una nueva ayuda creada para todos los clientes de gas. No es necesario tener gas natural en la vivienda puesto que los usuarios de butano,\u00a0propano, pellets, o similar tambi\u00e9n se beneficiaran de ello.<\/div>\n<div><\/div>\n<div><b>El requisito fundamental es disponer del Bono social de luz<\/b>, puesto que si no tienes uno no puedes pedir el otro. Se har\u00e1n ingresos en la cuenta de los clientes, de los cuales se encargar\u00e1 el propio Ministerio,\u00a0<b>siendo una cantidad m\u00ednima de 25\u20ac<\/b>. Los ingresos van en funci\u00f3n al gasto de la comunidad.<\/div>\n<div><\/div>\n<div>Entre las ayudas y el\u00a0<a title=\"blocked::https:\/\/preciogas.com\/instalaciones\/calderas\/plan-renove\" href=\"https:\/\/preciogas.com\/instalaciones\/calderas\/plan-renove\" target=\"_blank\" rel=\"noopener\">plan renove calderas<\/a>\u00a0que ofrecen las compa\u00f1\u00edas los incentivos econ\u00f3micos son mayores y por tanto las facturas no son tan altas como otros a\u00f1os.<\/div>\n<div><\/div>\n<div>M\u00e1s informaci\u00f3n<\/div>\n<div><\/div>\n<div>Bono social el\u00e9ctrico:\u00a0<a title=\"blocked::http:\/\/www.bonosocial.gob.es\/\" href=\"http:\/\/www.bonosocial.gob.es\/\" target=\"_blank\" rel=\"noopener\">http:\/\/www.bonosocial.gob.es\/<\/a><\/div>\n<div>Bono social t\u00e9rmico:\u00a0<a title=\"blocked::https:\/\/tarifasgasluz.com\/comercializadoras\/edp\/bono-social#bono-social-termico\" href=\"https:\/\/tarifasgasluz.com\/comercializadoras\/edp\/bono-social#bono-social-termico\">https:\/\/tarifasgasluz.com\/comercializadoras\/edp\/bono-social#bono-social-termico<\/a><\/div>\n<p><\/p>","protected":false},"excerpt":{"rendered":"<p>El nuevo Bono social t\u00e9rmico (Bono social gas natural) El pasado 31 de diciembre de 2018, finaliz\u00f3 el plazo de renovaci\u00f3n para el Bono social el\u00e9ctrico. Lo usuarios que no lo gestionaron, tienen que hacer una nueva solicitud presentando la&hellip; <\/p>\n","protected":false},"author":259,"featured_media":0,"comment_status":"closed","ping_status":"closed","sticky":false,"template":"","format":"standard","meta":{"_monsterinsights_skip_tracking":false,"_monsterinsights_sitenote_active":false,"_monsterinsights_sitenote_note":"","_monsterinsights_sitenote_category":0,"footnotes":""},"categories":[7,1],"tags":[],"class_list":["post-8860","post","type-post","status-publish","format-standard","hentry","category-noticias","category-sin-categoria"],"yoast_head":"<!-- This site is optimized with the Yoast SEO plugin v26.8 - https:\/\/yoast.com\/product\/yoast-seo-wordpress\/ -->\r\n<title>Bono Social T\u00e9rmico. - Ayuntamiento de Ituren<\/title>\r\n<meta name=\"robots\" content=\"index, follow, max-snippet:-1, max-image-preview:large, max-video-preview:-1\" \/>\r\n<link rel=\"canonical\" href=\"http:\/\/www.ituren.eus\/gizarte-bono-termikoa\/\" \/>\r\n<meta property=\"og:locale\" content=\"es_ES\" \/>\r\n<meta property=\"og:type\" content=\"article\" \/>\r\n<meta property=\"og:title\" content=\"[:eu]Gizarte Bono Termikoa[:es]Bono Social T\u00e9rmico.[:] - Ayuntamiento de Ituren\" \/>\r\n<meta property=\"og:description\" content=\"El nuevo Bono social t\u00e9rmico (Bono social gas natural) El pasado 31 de diciembre de 2018, finaliz\u00f3 el plazo de renovaci\u00f3n para el Bono social el\u00e9ctrico. Lo usuarios que no lo gestionaron, tienen que hacer una nueva solicitud presentando la&hellip;\" \/>\r\n<meta property=\"og:url\" content=\"http:\/\/www.ituren.eus\/gizarte-bono-termikoa\/\" \/>\r\n<meta property=\"og:site_name\" content=\"Ayuntamiento de Ituren\" \/>\r\n<meta property=\"article:published_time\" content=\"2019-02-04T11:10:02+00:00\" \/>\r\n<meta name=\"author\" content=\"iturenudala\" \/>\r\n<meta name=\"twitter:card\" content=\"summary_large_image\" \/>\r\n<meta name=\"twitter:label1\" content=\"Escrito por\" \/>\n\t<meta name=\"twitter:data1\" content=\"iturenudala\" \/>\n\t<meta name=\"twitter:label2\" content=\"Tiempo de lectura\" \/>\n\t<meta name=\"twitter:data2\" content=\"2 minutos\" \/>\r\n<script type=\"application\/ld+json\" class=\"yoast-schema-graph\">{\"@context\":\"https:\/\/schema.org\",\"@graph\":[{\"@type\":\"Article\",\"@id\":\"http:\/\/www.ituren.eus\/gizarte-bono-termikoa\/#article\",\"isPartOf\":{\"@id\":\"http:\/\/www.ituren.eus\/gizarte-bono-termikoa\/\"},\"author\":{\"name\":\"iturenudala\",\"@id\":\"http:\/\/www.ituren.eus\/es\/#\/schema\/person\/4d66c12839d706916abaa8f0062537ae\"},\"headline\":\"Bono Social T\u00e9rmico.\",\"datePublished\":\"2019-02-04T11:10:02+00:00\",\"mainEntityOfPage\":{\"@id\":\"http:\/\/www.ituren.eus\/gizarte-bono-termikoa\/\"},\"wordCount\":378,\"articleSection\":[\"Noticias\"],\"inLanguage\":\"es\"},{\"@type\":\"WebPage\",\"@id\":\"http:\/\/www.ituren.eus\/gizarte-bono-termikoa\/\",\"url\":\"http:\/\/www.ituren.eus\/gizarte-bono-termikoa\/\",\"name\":\"[:eu]Gizarte Bono Termikoa[:es]Bono Social T\u00e9rmico.[:] - Ayuntamiento de Ituren\",\"isPartOf\":{\"@id\":\"http:\/\/www.ituren.eus\/es\/#website\"},\"datePublished\":\"2019-02-04T11:10:02+00:00\",\"author\":{\"@id\":\"http:\/\/www.ituren.eus\/es\/#\/schema\/person\/4d66c12839d706916abaa8f0062537ae\"},\"breadcrumb\":{\"@id\":\"http:\/\/www.ituren.eus\/gizarte-bono-termikoa\/#breadcrumb\"},\"inLanguage\":\"es\",\"potentialAction\":[{\"@type\":\"ReadAction\",\"target\":[\"http:\/\/www.ituren.eus\/gizarte-bono-termikoa\/\"]}]},{\"@type\":\"BreadcrumbList\",\"@id\":\"http:\/\/www.ituren.eus\/gizarte-bono-termikoa\/#breadcrumb\",\"itemListElement\":[{\"@type\":\"ListItem\",\"position\":1,\"name\":\"Portada\",\"item\":\"http:\/\/www.ituren.eus\/es\/\"},{\"@type\":\"ListItem\",\"position\":2,\"name\":\"Gizarte Bono Termikoa\"}]},{\"@type\":\"WebSite\",\"@id\":\"http:\/\/www.ituren.eus\/es\/#website\",\"url\":\"http:\/\/www.ituren.eus\/es\/\",\"name\":\"Ayuntamiento de Ituren\",\"description\":\"Ayuntamiento de Ituren\",\"potentialAction\":[{\"@type\":\"SearchAction\",\"target\":{\"@type\":\"EntryPoint\",\"urlTemplate\":\"http:\/\/www.ituren.eus\/es\/?s={search_term_string}\"},\"query-input\":{\"@type\":\"PropertyValueSpecification\",\"valueRequired\":true,\"valueName\":\"search_term_string\"}}],\"inLanguage\":\"es\"},{\"@type\":\"Person\",\"@id\":\"http:\/\/www.ituren.eus\/es\/#\/schema\/person\/4d66c12839d706916abaa8f0062537ae\",\"name\":\"iturenudala\",\"image\":{\"@type\":\"ImageObject\",\"inLanguage\":\"es\",\"@id\":\"http:\/\/www.ituren.eus\/es\/#\/schema\/person\/image\/\",\"url\":\"https:\/\/secure.gravatar.com\/avatar\/4e30601340330427e0d7c57bcce3a70cc8ec761634b2069b7b46900b949dedf6?s=96&d=mm&r=g\",\"contentUrl\":\"https:\/\/secure.gravatar.com\/avatar\/4e30601340330427e0d7c57bcce3a70cc8ec761634b2069b7b46900b949dedf6?s=96&d=mm&r=g\",\"caption\":\"iturenudala\"},\"url\":\"http:\/\/www.ituren.eus\/es\/author\/iturenudala\/\"}]}<\/script>\r\n<!-- \/ Yoast SEO plugin. -->","yoast_head_json":{"title":"[:eu]Gizarte Bono Termikoa[:es]Bono Social T\u00e9rmico.[:] - Ayuntamiento de Ituren","robots":{"index":"index","follow":"follow","max-snippet":"max-snippet:-1","max-image-preview":"max-image-preview:large","max-video-preview":"max-video-preview:-1"},"canonical":"http:\/\/www.ituren.eus\/gizarte-bono-termikoa\/","og_locale":"es_ES","og_type":"article","og_title":"[:eu]Gizarte Bono Termikoa[:es]Bono Social T\u00e9rmico.[:] - Ayuntamiento de Ituren","og_description":"El nuevo Bono social t\u00e9rmico (Bono social gas natural) El pasado 31 de diciembre de 2018, finaliz\u00f3 el plazo de renovaci\u00f3n para el Bono social el\u00e9ctrico. Lo usuarios que no lo gestionaron, tienen que hacer una nueva solicitud presentando la&hellip;","og_url":"http:\/\/www.ituren.eus\/gizarte-bono-termikoa\/","og_site_name":"Ayuntamiento de Ituren","article_published_time":"2019-02-04T11:10:02+00:00","author":"iturenudala","twitter_card":"summary_large_image","twitter_misc":{"Escrito por":"iturenudala","Tiempo de lectura":"2 minutos"},"schema":{"@context":"https:\/\/schema.org","@graph":[{"@type":"Article","@id":"http:\/\/www.ituren.eus\/gizarte-bono-termikoa\/#article","isPartOf":{"@id":"http:\/\/www.ituren.eus\/gizarte-bono-termikoa\/"},"author":{"name":"iturenudala","@id":"http:\/\/www.ituren.eus\/es\/#\/schema\/person\/4d66c12839d706916abaa8f0062537ae"},"headline":"Bono Social T\u00e9rmico.","datePublished":"2019-02-04T11:10:02+00:00","mainEntityOfPage":{"@id":"http:\/\/www.ituren.eus\/gizarte-bono-termikoa\/"},"wordCount":378,"articleSection":["Noticias"],"inLanguage":"es"},{"@type":"WebPage","@id":"http:\/\/www.ituren.eus\/gizarte-bono-termikoa\/","url":"http:\/\/www.ituren.eus\/gizarte-bono-termikoa\/","name":"[:eu]Gizarte Bono Termikoa[:es]Bono Social T\u00e9rmico.[:] - Ayuntamiento de Ituren","isPartOf":{"@id":"http:\/\/www.ituren.eus\/es\/#website"},"datePublished":"2019-02-04T11:10:02+00:00","author":{"@id":"http:\/\/www.ituren.eus\/es\/#\/schema\/person\/4d66c12839d706916abaa8f0062537ae"},"breadcrumb":{"@id":"http:\/\/www.ituren.eus\/gizarte-bono-termikoa\/#breadcrumb"},"inLanguage":"es","potentialAction":[{"@type":"ReadAction","target":["http:\/\/www.ituren.eus\/gizarte-bono-termikoa\/"]}]},{"@type":"BreadcrumbList","@id":"http:\/\/www.ituren.eus\/gizarte-bono-termikoa\/#breadcrumb","itemListElement":[{"@type":"ListItem","position":1,"name":"Portada","item":"http:\/\/www.ituren.eus\/es\/"},{"@type":"ListItem","position":2,"name":"Gizarte Bono Termikoa"}]},{"@type":"WebSite","@id":"http:\/\/www.ituren.eus\/es\/#website","url":"http:\/\/www.ituren.eus\/es\/","name":"Ayuntamiento de Ituren","description":"Ayuntamiento de Ituren","potentialAction":[{"@type":"SearchAction","target":{"@type":"EntryPoint","urlTemplate":"http:\/\/www.ituren.eus\/es\/?s={search_term_string}"},"query-input":{"@type":"PropertyValueSpecification","valueRequired":true,"valueName":"search_term_string"}}],"inLanguage":"es"},{"@type":"Person","@id":"http:\/\/www.ituren.eus\/es\/#\/schema\/person\/4d66c12839d706916abaa8f0062537ae","name":"iturenudala","image":{"@type":"ImageObject","inLanguage":"es","@id":"http:\/\/www.ituren.eus\/es\/#\/schema\/person\/image\/","url":"https:\/\/secure.gravatar.com\/avatar\/4e30601340330427e0d7c57bcce3a70cc8ec761634b2069b7b46900b949dedf6?s=96&d=mm&r=g","contentUrl":"https:\/\/secure.gravatar.com\/avatar\/4e30601340330427e0d7c57bcce3a70cc8ec761634b2069b7b46900b949dedf6?s=96&d=mm&r=g","caption":"iturenudala"},"url":"http:\/\/www.ituren.eus\/es\/author\/iturenudala\/"}]}},"_links":{"self":[{"href":"http:\/\/www.ituren.eus\/es\/wp-json\/wp\/v2\/posts\/8860","targetHints":{"allow":["GET"]}}],"collection":[{"href":"http:\/\/www.ituren.eus\/es\/wp-json\/wp\/v2\/posts"}],"about":[{"href":"http:\/\/www.ituren.eus\/es\/wp-json\/wp\/v2\/types\/post"}],"author":[{"embeddable":true,"href":"http:\/\/www.ituren.eus\/es\/wp-json\/wp\/v2\/users\/259"}],"replies":[{"embeddable":true,"href":"http:\/\/www.ituren.eus\/es\/wp-json\/wp\/v2\/comments?post=8860"}],"version-history":[{"count":3,"href":"http:\/\/www.ituren.eus\/es\/wp-json\/wp\/v2\/posts\/8860\/revisions"}],"predecessor-version":[{"id":8863,"href":"http:\/\/www.ituren.eus\/es\/wp-json\/wp\/v2\/posts\/8860\/revisions\/8863"}],"wp:attachment":[{"href":"http:\/\/www.ituren.eus\/es\/wp-json\/wp\/v2\/media?parent=8860"}],"wp:term":[{"taxonomy":"category","embeddable":true,"href":"http:\/\/www.ituren.eus\/es\/wp-json\/wp\/v2\/categories?post=8860"},{"taxonomy":"post_tag","embeddable":true,"href":"http:\/\/www.ituren.eus\/es\/wp-json\/wp\/v2\/tags?post=8860"}],"curies":[{"name":"wp","href":"https:\/\/api.w.org\/{rel}","templated":true}]}}